{"id":985,"date":"2025-10-04T08:44:30","date_gmt":"2025-10-04T08:44:30","guid":{"rendered":"https:\/\/www.mutuelle-mat.fr\/blog\/pourquoi-une-assurance-collective\/985.html"},"modified":"2025-10-04T08:44:30","modified_gmt":"2025-10-04T08:44:30","slug":"pourquoi-une-assurance-collective","status":"publish","type":"post","link":"http:\/\/www.mutuelle-mat.fr\/blog\/pourquoi-une-assurance-collective\/985.html","title":{"rendered":"Pourquoi une assurance collective ?"},"content":{"rendered":"<p>                                        <img decoding=\"async\" src=\"https:\/\/i.ytimg.com\/vi\/cbvmNulnS_Q\/hqdefault.jpg?sqp=-oaymwEcCOADEI4CSFXyq4qpAw4IARUAAIhCGAFwAcABBg==&#038;rs=AOn4CLBXcthT3oA26F8i4C1Iil1LiYA2oQ\" alt=\"Pourquoi une assurance collective ?\"><\/p>\n<div id=\"ez-toc-container\" class=\"ez-toc-v2_0_82_2 counter-hierarchy ez-toc-counter ez-toc-grey ez-toc-container-direction\">\n<p class=\"ez-toc-title\" style=\"cursor:inherit\">Sommaires<\/p>\n<label for=\"ez-toc-cssicon-toggle-item-6a976ee8eab82\" class=\"ez-toc-cssicon-toggle-label\"><span class=\"ez-toc-cssicon\"><span class=\"eztoc-hide\" style=\"display:none;\">Toggle<\/span><span class=\"ez-toc-icon-toggle-span\"><svg style=\"fill: #999;color:#999\" xmlns=\"http:\/\/www.w3.org\/2000\/svg\" class=\"list-377408\" width=\"20px\" height=\"20px\" viewBox=\"0 0 24 24\" fill=\"none\"><path d=\"M6 6H4v2h2V6zm14 0H8v2h12V6zM4 11h2v2H4v-2zm16 0H8v2h12v-2zM4 16h2v2H4v-2zm16 0H8v2h12v-2z\" fill=\"currentColor\"><\/path><\/svg><svg style=\"fill: #999;color:#999\" class=\"arrow-unsorted-368013\" xmlns=\"http:\/\/www.w3.org\/2000\/svg\" width=\"10px\" height=\"10px\" viewBox=\"0 0 24 24\" version=\"1.2\" baseProfile=\"tiny\"><path d=\"M18.2 9.3l-6.2-6.3-6.2 6.3c-.2.2-.3.4-.3.7s.1.5.3.7c.2.2.4.3.7.3h11c.3 0 .5-.1.7-.3.2-.2.3-.5.3-.7s-.1-.5-.3-.7zM5.8 14.7l6.2 6.3 6.2-6.3c.2-.2.3-.5.3-.7s-.1-.5-.3-.7c-.2-.2-.4-.3-.7-.3h-11c-.3 0-.5.1-.7.3-.2.2-.3.5-.3.7s.1.5.3.7z\"\/><\/svg><\/span><\/span><\/label><input type=\"checkbox\"  id=\"ez-toc-cssicon-toggle-item-6a976ee8eab82\"  aria-label=\"Toggle\" \/><nav><ul class='ez-toc-list ez-toc-list-level-1 ' ><li class='ez-toc-page-1 ez-toc-heading-level-3'><a class=\"ez-toc-link ez-toc-heading-1\" href=\"http:\/\/www.mutuelle-mat.fr\/blog\/pourquoi-une-assurance-collective\/985.html\/#Pourquoi_une_assurance_collective\" >Pourquoi une assurance collective ?<\/a><\/li><li class='ez-toc-page-1 ez-toc-heading-level-3'><a class=\"ez-toc-link ez-toc-heading-2\" href=\"http:\/\/www.mutuelle-mat.fr\/blog\/pourquoi-une-assurance-collective\/985.html\/#Comment_fonctionne_assurance_salaire\" >Comment fonctionne assurance salaire ?<\/a><\/li><li class='ez-toc-page-1 ez-toc-heading-level-3'><a class=\"ez-toc-link ez-toc-heading-3\" href=\"http:\/\/www.mutuelle-mat.fr\/blog\/pourquoi-une-assurance-collective\/985.html\/#Est-ce_que_lassurance_invalidite_est_imposable\" >Est-ce que l&rsquo;assurance invalidit\u00e9 est imposable ?<\/a><\/li><li class='ez-toc-page-1 ez-toc-heading-level-3'><a class=\"ez-toc-link ez-toc-heading-4\" href=\"http:\/\/www.mutuelle-mat.fr\/blog\/pourquoi-une-assurance-collective\/985.html\/#Comment_calculer_assurance_salaire\" >Comment calculer assurance salaire ?<\/a><\/li><li class='ez-toc-page-1 ez-toc-heading-level-3'><a class=\"ez-toc-link ez-toc-heading-5\" href=\"http:\/\/www.mutuelle-mat.fr\/blog\/pourquoi-une-assurance-collective\/985.html\/#Est-ce_que_les_prestations_dassurance_salaire_sont_imposables\" >Est-ce que les prestations d&rsquo;assurance salaire sont imposables ?<\/a><\/li><li class='ez-toc-page-1 ez-toc-heading-level-3'><a class=\"ez-toc-link ez-toc-heading-6\" href=\"http:\/\/www.mutuelle-mat.fr\/blog\/pourquoi-une-assurance-collective\/985.html\/#Comment_se_desinscrire_de_la_RAMQ\" >Comment se d\u00e9sinscrire de la RAMQ ?<\/a><\/li><li class='ez-toc-page-1 ez-toc-heading-level-3'><a class=\"ez-toc-link ez-toc-heading-7\" href=\"http:\/\/www.mutuelle-mat.fr\/blog\/pourquoi-une-assurance-collective\/985.html\/#Quel_est_le_montant_de_la_pension_invalidite\" >Quel est le montant de la pension invalidit\u00e9 ?<\/a><\/li><\/ul><\/nav><\/div>\n<h3 id=\"question-0\"><span class=\"ez-toc-section\" id=\"Pourquoi_une_assurance_collective\"><\/span>Pourquoi une assurance collective ?<span class=\"ez-toc-section-end\"><\/span><\/h3>\n<p>Pourquoi offrir une assurance collective \u00e0 ses employ\u00e9s ? Le r\u00e9gime d&rsquo;assurance collective est un incontournable des avantages sociaux d&rsquo;aujourd&rsquo;hui. Cette assurance est tr\u00e8s importante car elle prot\u00e8ge la s\u00e9curit\u00e9 financi\u00e8re des employ\u00e9s et de leurs familles, en plus de faciliter l&rsquo;acc\u00e8s \u00e0 plusieurs soins de sant\u00e9.<\/p>\n<h3 id=\"question-1\"><span class=\"ez-toc-section\" id=\"Comment_fonctionne_assurance_salaire\"><\/span>Comment fonctionne assurance salaire ?<span class=\"ez-toc-section-end\"><\/span><\/h3>\n<p>Un r\u00e9gime d&rsquo;assurance-salaire (RAS) est une entente conclue entre un employeur et ses employ\u00e9s ou un groupe ou une association d&#8217;employ\u00e9s. &#8230; Le but du r\u00e9gime est d&rsquo;indemniser les employ\u00e9s pour une perte de revenu d&#8217;emploi par suite de maladie, d&rsquo;accident ou de grossesse.<\/p>\n<\/p>\n<h3 id=\"question-2\"><span class=\"ez-toc-section\" id=\"Est-ce_que_lassurance_invalidite_est_imposable\"><\/span>Est-ce que l&rsquo;assurance invalidit\u00e9 est imposable ?<span class=\"ez-toc-section-end\"><\/span><\/h3>\n<p>Imposable ou non? Vous devrez peut-\u00eatre payer de l&rsquo;imp\u00f4t sur l&rsquo;argent que vous recevez de votre assureur. &#8230; Si, au contraire, c&rsquo;est vous qui avez pay\u00e9 100 % de l&rsquo;assurance, vous ne devez g\u00e9n\u00e9ralement pas payer de l&rsquo;imp\u00f4t sur l&rsquo;argent re\u00e7u durant votre p\u00e9riode d&rsquo;invalidit\u00e9.<\/p>\n<h3 id=\"question-3\"><span class=\"ez-toc-section\" id=\"Comment_calculer_assurance_salaire\"><\/span>Comment calculer assurance salaire ?<span class=\"ez-toc-section-end\"><\/span><\/h3>\n<p>Pour la plupart des gens, le taux de base servant au calcul des prestations de l&rsquo;assurance-emploi s&rsquo;\u00e9tablit \u00e0 55 % de la r\u00e9mun\u00e9ration hebdomadaire moyenne assurable, jusqu&rsquo;\u00e0 concurrence d&rsquo;un montant maximal. Depuis le 1er janvier 2021, le maximum de la r\u00e9mun\u00e9ration annuelle assurable est de 56 300 $.<\/p>\n<h3 id=\"question-4\"><span class=\"ez-toc-section\" id=\"Est-ce_que_les_prestations_dassurance_salaire_sont_imposables\"><\/span>Est-ce que les prestations d&rsquo;assurance salaire sont imposables ?<span class=\"ez-toc-section-end\"><\/span><\/h3>\n<p>En ce qui concerne l&rsquo;assurance salaire pour l&rsquo;invalidit\u00e9 de courte dur\u00e9e, les cotisations sont enti\u00e8rement pay\u00e9es par l&#8217;employeur. Les prestations sont, en cons\u00e9quence, imposables pour l&#8217;employ\u00e9.<\/p>\n<\/p>\n<h3 id=\"question-5\"><span class=\"ez-toc-section\" id=\"Comment_se_desinscrire_de_la_RAMQ\"><\/span>Comment se d\u00e9sinscrire de la RAMQ ?<span class=\"ez-toc-section-end\"><\/span><\/h3>\n<p>Pour ce faire, vous devez :<\/p>\n<li>ouvrir le service en ligne Inscription de la client\u00e8le des professionnels de la sant\u00e9;<\/li>\n<li>\u00e0 partir du menu Modification, s\u00e9lectionner l&rsquo;option Modifier une inscription;<\/li>\n<li>dans la section Modifier les caract\u00e9ristiques de sant\u00e9, cliquer sur le bouton Modifier.<\/li>\n<h3 id=\"question-6\"><span class=\"ez-toc-section\" id=\"Quel_est_le_montant_de_la_pension_invalidite\"><\/span>Quel est le montant de la pension invalidit\u00e9 ?<span class=\"ez-toc-section-end\"><\/span><\/h3>\n<p>Montants des prestations<\/p>\n<p>Type de prestationMontant mensuel moyenMontant maximal du paiement mensuel (2021)Prestation d&rsquo;invalidit\u00e9 du RPC1 031,55 $1 413,66 $Prestation d&rsquo;invalidit\u00e9 apr\u00e8s retraite du RPC510,85 $510,85 $Prestation d&rsquo;enfant du RPC257,58 $257,58 $<\/p>\n","protected":false},"excerpt":{"rendered":"<p>Pourquoi une assurance collective ? Pourquoi offrir une assurance collective \u00e0 ses employ\u00e9s ? Le r\u00e9gime d&rsquo;assurance collective est un incontournable des avantages sociaux d&rsquo;aujourd&rsquo;hui. Cette assurance est tr\u00e8s importante car elle prot\u00e8ge la s\u00e9curit\u00e9 financi\u00e8re des employ\u00e9s et de leurs familles, en plus de faciliter l&rsquo;acc\u00e8s \u00e0 plusieurs soins<\/p>\n","protected":false},"author":1,"featured_media":986,"comment_status":"closed","ping_status":"closed","sticky":false,"template":"","format":"standard","meta":{"_seopress_robots_primary_cat":"","_seopress_titles_title":"","_seopress_titles_desc":"","_seopress_robots_index":"","footnotes":""},"categories":[8],"tags":[],"class_list":["post-985","post","type-post","status-publish","format-standard","has-post-thumbnail","hentry","category-prevoyance"],"_links":{"self":[{"href":"http:\/\/www.mutuelle-mat.fr\/blog\/wp-json\/wp\/v2\/posts\/985","targetHints":{"allow":["GET"]}}],"collection":[{"href":"http:\/\/www.mutuelle-mat.fr\/blog\/wp-json\/wp\/v2\/posts"}],"about":[{"href":"http:\/\/www.mutuelle-mat.fr\/blog\/wp-json\/wp\/v2\/types\/post"}],"author":[{"embeddable":true,"href":"http:\/\/www.mutuelle-mat.fr\/blog\/wp-json\/wp\/v2\/users\/1"}],"replies":[{"embeddable":true,"href":"http:\/\/www.mutuelle-mat.fr\/blog\/wp-json\/wp\/v2\/comments?post=985"}],"version-history":[{"count":0,"href":"http:\/\/www.mutuelle-mat.fr\/blog\/wp-json\/wp\/v2\/posts\/985\/revisions"}],"wp:featuredmedia":[{"embeddable":true,"href":"http:\/\/www.mutuelle-mat.fr\/blog\/wp-json\/wp\/v2\/media\/986"}],"wp:attachment":[{"href":"http:\/\/www.mutuelle-mat.fr\/blog\/wp-json\/wp\/v2\/media?parent=985"}],"wp:term":[{"taxonomy":"category","embeddable":true,"href":"http:\/\/www.mutuelle-mat.fr\/blog\/wp-json\/wp\/v2\/categories?post=985"},{"taxonomy":"post_tag","embeddable":true,"href":"http:\/\/www.mutuelle-mat.fr\/blog\/wp-json\/wp\/v2\/tags?post=985"}],"curies":[{"name":"wp","href":"https:\/\/api.w.org\/{rel}","templated":true}]}}