{"id":978,"date":"2025-10-03T20:29:56","date_gmt":"2025-10-03T20:29:56","guid":{"rendered":"https:\/\/www.mutuelle-mat.fr\/blog\/quelles-sont-les-2-principaux-regimes-de-lassurance-maladie\/978.html"},"modified":"2025-10-03T20:29:56","modified_gmt":"2025-10-03T20:29:56","slug":"quelles-sont-les-2-principaux-regimes-de-lassurance-maladie","status":"publish","type":"post","link":"http:\/\/www.mutuelle-mat.fr\/blog\/quelles-sont-les-2-principaux-regimes-de-lassurance-maladie\/978.html","title":{"rendered":"Quelles sont les 2 principaux r\u00e9gimes de l&rsquo;assurance maladie ?"},"content":{"rendered":"<p>                                        <img decoding=\"async\" src=\"https:\/\/i.ytimg.com\/vi\/vvjMW-GR2g8\/hq720.jpg?sqp=-oaymwEcCOgCEMoBSFXyq4qpAw4IARUAAIhCGAFwAcABBg==&#038;rs=AOn4CLBFMBrlI_12M2RdFhaCnUnD5G81Tg\" alt=\"Quelles sont les 2 principaux r\u00e9gimes de l'assurance maladie ?\"><\/p>\n<div id=\"ez-toc-container\" class=\"ez-toc-v2_0_82_2 counter-hierarchy ez-toc-counter ez-toc-grey ez-toc-container-direction\">\n<p class=\"ez-toc-title\" style=\"cursor:inherit\">Sommaires<\/p>\n<label for=\"ez-toc-cssicon-toggle-item-6a976f1ae7f8b\" class=\"ez-toc-cssicon-toggle-label\"><span class=\"ez-toc-cssicon\"><span class=\"eztoc-hide\" style=\"display:none;\">Toggle<\/span><span class=\"ez-toc-icon-toggle-span\"><svg style=\"fill: #999;color:#999\" xmlns=\"http:\/\/www.w3.org\/2000\/svg\" class=\"list-377408\" width=\"20px\" height=\"20px\" viewBox=\"0 0 24 24\" fill=\"none\"><path d=\"M6 6H4v2h2V6zm14 0H8v2h12V6zM4 11h2v2H4v-2zm16 0H8v2h12v-2zM4 16h2v2H4v-2zm16 0H8v2h12v-2z\" fill=\"currentColor\"><\/path><\/svg><svg style=\"fill: #999;color:#999\" class=\"arrow-unsorted-368013\" xmlns=\"http:\/\/www.w3.org\/2000\/svg\" width=\"10px\" height=\"10px\" viewBox=\"0 0 24 24\" version=\"1.2\" baseProfile=\"tiny\"><path d=\"M18.2 9.3l-6.2-6.3-6.2 6.3c-.2.2-.3.4-.3.7s.1.5.3.7c.2.2.4.3.7.3h11c.3 0 .5-.1.7-.3.2-.2.3-.5.3-.7s-.1-.5-.3-.7zM5.8 14.7l6.2 6.3 6.2-6.3c.2-.2.3-.5.3-.7s-.1-.5-.3-.7c-.2-.2-.4-.3-.7-.3h-11c-.3 0-.5.1-.7.3-.2.2-.3.5-.3.7s.1.5.3.7z\"\/><\/svg><\/span><\/span><\/label><input type=\"checkbox\"  id=\"ez-toc-cssicon-toggle-item-6a976f1ae7f8b\"  aria-label=\"Toggle\" \/><nav><ul class='ez-toc-list ez-toc-list-level-1 ' ><li class='ez-toc-page-1 ez-toc-heading-level-3'><a class=\"ez-toc-link ez-toc-heading-1\" href=\"http:\/\/www.mutuelle-mat.fr\/blog\/quelles-sont-les-2-principaux-regimes-de-lassurance-maladie\/978.html\/#Quelles_sont_les_2_principaux_regimes_de_lassurance_maladie\" >Quelles sont les 2 principaux r\u00e9gimes de l&rsquo;assurance maladie ?<\/a><\/li><li class='ez-toc-page-1 ez-toc-heading-level-3'><a class=\"ez-toc-link ez-toc-heading-2\" href=\"http:\/\/www.mutuelle-mat.fr\/blog\/quelles-sont-les-2-principaux-regimes-de-lassurance-maladie\/978.html\/#Qui_sont_les_salaries_du_regime_general\" >Qui sont les salari\u00e9s du r\u00e9gime g\u00e9n\u00e9ral ?<\/a><\/li><li class='ez-toc-page-1 ez-toc-heading-level-3'><a class=\"ez-toc-link ez-toc-heading-3\" href=\"http:\/\/www.mutuelle-mat.fr\/blog\/quelles-sont-les-2-principaux-regimes-de-lassurance-maladie\/978.html\/#Quels_sont_les_differents_regimes_de_la_securite_sociale_en_France\" >Quels sont les diff\u00e9rents r\u00e9gimes de la s\u00e9curit\u00e9 sociale en France ?<\/a><\/li><li class='ez-toc-page-1 ez-toc-heading-level-3'><a class=\"ez-toc-link ez-toc-heading-4\" href=\"http:\/\/www.mutuelle-mat.fr\/blog\/quelles-sont-les-2-principaux-regimes-de-lassurance-maladie\/978.html\/#Quel_est_mon_regime_general\" >Quel est mon r\u00e9gime g\u00e9n\u00e9ral ?<\/a><\/li><li class='ez-toc-page-1 ez-toc-heading-level-3'><a class=\"ez-toc-link ez-toc-heading-5\" href=\"http:\/\/www.mutuelle-mat.fr\/blog\/quelles-sont-les-2-principaux-regimes-de-lassurance-maladie\/978.html\/#Quel_est_le_regime_general_de_lassurance_maladie\" >Quel est le r\u00e9gime g\u00e9n\u00e9ral de l\u2019assurance maladie?<\/a><\/li><li class='ez-toc-page-1 ez-toc-heading-level-3'><a class=\"ez-toc-link ez-toc-heading-6\" href=\"http:\/\/www.mutuelle-mat.fr\/blog\/quelles-sont-les-2-principaux-regimes-de-lassurance-maladie\/978.html\/#Quelle_est_la_Regie_de_lassurance_maladie_du_Quebec\" >Quelle est la R\u00e9gie de l\u2019assurance maladie du Qu\u00e9bec?<\/a><\/li><li class='ez-toc-page-1 ez-toc-heading-level-3'><a class=\"ez-toc-link ez-toc-heading-7\" href=\"http:\/\/www.mutuelle-mat.fr\/blog\/quelles-sont-les-2-principaux-regimes-de-lassurance-maladie\/978.html\/#Quelle_est_lorganisation_actuelle_du_regime_general\" >Quelle est l&#39;organisation actuelle du r\u00e9gime g\u00e9n\u00e9ral?<\/a><\/li><li class='ez-toc-page-1 ez-toc-heading-level-3'><a class=\"ez-toc-link ez-toc-heading-8\" href=\"http:\/\/www.mutuelle-mat.fr\/blog\/quelles-sont-les-2-principaux-regimes-de-lassurance-maladie\/978.html\/#Quelle_est_lassurance_maladie_en_France\" >Quelle est l\u2019assurance maladie en France?<\/a><\/li><\/ul><\/nav><\/div>\n<h3 id=\"question-0\"><span class=\"ez-toc-section\" id=\"Quelles_sont_les_2_principaux_regimes_de_lassurance_maladie\"><\/span>Quelles sont les 2 principaux r\u00e9gimes de l&rsquo;assurance maladie ?<span class=\"ez-toc-section-end\"><\/span><\/h3>\n<p>Les r\u00e9gimes obligatoires de l&rsquo;assurance maladie<\/p>\n<ul>\n<li>Le r\u00e9gime g\u00e9n\u00e9ral des salari\u00e9s. &#8230; <\/li>\n<li>Le R\u00e9gime Social des Ind\u00e9pendants (RSI) &#8230; <\/li>\n<li>La Mutualit\u00e9 Sociale Agricole (MSA) &#8230; <\/li>\n<li>Un particularisme : le r\u00e9gime social d&rsquo;Alsace-Moselle. &#8230; <\/li>\n<li>Les r\u00e9gimes sp\u00e9ciaux. &#8230; <\/li>\n<li>Le r\u00e9gime de s\u00e9curit\u00e9 sociale pour les \u00e9tudiants.<\/li>\n<\/ul>\n<h3 id=\"question-1\"><span class=\"ez-toc-section\" id=\"Qui_sont_les_salaries_du_regime_general\"><\/span>Qui sont les salari\u00e9s du r\u00e9gime g\u00e9n\u00e9ral ?<span class=\"ez-toc-section-end\"><\/span><\/h3>\n<p>Le r\u00e9gime g\u00e9n\u00e9ral concerne les travailleurs salari\u00e9s du secteur priv\u00e9. Au fur et \u00e0 mesure de son extension, sa couverture s&rsquo;est \u00e9largie. Il int\u00e8gre aujourd&rsquo;hui des populations qui ne sont pas salari\u00e9es du secteur priv\u00e9, \u00e9tudiants, ch\u00f4meurs, agents contractuels de l&rsquo;\u00c9tat, etc.<\/p>\n<\/p>\n<h3 id=\"question-2\"><span class=\"ez-toc-section\" id=\"Quels_sont_les_differents_regimes_de_la_securite_sociale_en_France\"><\/span>Quels sont les diff\u00e9rents r\u00e9gimes de la s\u00e9curit\u00e9 sociale en France ?<span class=\"ez-toc-section-end\"><\/span><\/h3>\n<p>Quels sont les diff\u00e9rents r\u00e9gimes de base de protection sociale ?<\/p>\n<ul>\n<li>Le r\u00e9gime g\u00e9n\u00e9ral de la S\u00e9curit\u00e9 sociale. Le r\u00e9gime g\u00e9n\u00e9ral de la S\u00e9curit\u00e9 sociale couvre \u00be des Fran\u00e7ais et 75% des d\u00e9penses de sant\u00e9. &#8230; <\/li>\n<li>Le r\u00e9gime agricole. &#8230; <\/li>\n<li>Le R\u00e9gime Social des Ind\u00e9pendants. &#8230; <\/li>\n<li>Les r\u00e9gimes sp\u00e9ciaux.<\/li>\n<\/ul>\n<h3 id=\"question-3\"><span class=\"ez-toc-section\" id=\"Quel_est_mon_regime_general\"><\/span>Quel est mon r\u00e9gime g\u00e9n\u00e9ral ?<span class=\"ez-toc-section-end\"><\/span><\/h3>\n<p>Vous \u00eates rattach\u00e9 au r\u00e9gime g\u00e9n\u00e9ral de la s\u00e9curit\u00e9 sociale, sauf si votre activit\u00e9 est de nature agricole. Votre interlocuteur est la caisse primaire d&rsquo;assurance maladie (CPAM) de votre lieu de r\u00e9sidence habituelle : Lieu o\u00f9 la personne r\u00e9side le plus longtemps durant l&rsquo;ann\u00e9e.<\/p>\n<h3 id=\"question-4\"><span class=\"ez-toc-section\" id=\"Quel_est_le_regime_general_de_lassurance_maladie\"><\/span>Quel est le r\u00e9gime g\u00e9n\u00e9ral de l\u2019assurance maladie?<span class=\"ez-toc-section-end\"><\/span><\/h3>\n<ul>\n<li>Le r\u00e9gime g\u00e9n\u00e9ral L\u2019assurance maladie (r\u00e9gime g\u00e9n\u00e9ral) est l\u2019assureur solidaire de plus de quatre personnes sur cinq en France. Elle finance 78 % des d\u00e9penses de sant\u00e9. Elle couvre les travailleurs salari\u00e9s, des personnes au titre de la r\u00e9sidence mais \u00e9galement, depuis le 1er janvier 2018, les travailleurs ind\u00e9pendants. <\/li>\n<\/ul>\n<h3 id=\"question-5\"><span class=\"ez-toc-section\" id=\"Quelle_est_la_Regie_de_lassurance_maladie_du_Quebec\"><\/span>Quelle est la R\u00e9gie de l\u2019assurance maladie du Qu\u00e9bec?<span class=\"ez-toc-section-end\"><\/span><\/h3>\n<ul>\n<li>La R\u00e9gie de l\u2019assurance maladie du Qu\u00e9bec administre les r\u00e9gimes publics d\u2019assurance maladie et m\u00e9dicaments et r\u00e9mun\u00e8re les professionnels de la sant\u00e9. <\/li>\n<\/ul>\n<h3 id=\"question-6\"><span class=\"ez-toc-section\" id=\"Quelle_est_lorganisation_actuelle_du_regime_general\"><\/span>Quelle est l&#39;organisation actuelle du r\u00e9gime g\u00e9n\u00e9ral?<span class=\"ez-toc-section-end\"><\/span><\/h3>\n<ul>\n<li>L&rsquo;organisation actuelle du r\u00e9gime g\u00e9n\u00e9ral r\u00e9sulte de l&rsquo;ordonnance de 1967 qui instaure la s\u00e9paration de la s\u00e9curit\u00e9 sociale en branches autonomes : la branche maladie, la branche accidents du travail\/maladies professionnelles, la branche retraite, la branche famille et la branche recouvrement <\/li>\n<\/ul>\n<h3 id=\"question-7\"><span class=\"ez-toc-section\" id=\"Quelle_est_lassurance_maladie_en_France\"><\/span>Quelle est l\u2019assurance maladie en France?<span class=\"ez-toc-section-end\"><\/span><\/h3>\n<ul>\n<li>L\u2019assurance maladie (r\u00e9gime g\u00e9n\u00e9ral) est l\u2019assureur solidaire de plus de quatre personnes sur cinq en France. Elle finance 78 % des d\u00e9penses de sant\u00e9. Elle couvre les travailleurs salari\u00e9s, des personnes au titre de la r\u00e9sidence mais \u00e9galement, depuis le 1er janvier 2018, les travailleurs ind\u00e9pendants. <\/li>\n<\/ul>\n","protected":false},"excerpt":{"rendered":"<p>Quelles sont les 2 principaux r\u00e9gimes de l&rsquo;assurance maladie ? Les r\u00e9gimes obligatoires de l&rsquo;assurance maladie Le r\u00e9gime g\u00e9n\u00e9ral des salari\u00e9s. &#8230; Le R\u00e9gime Social des Ind\u00e9pendants (RSI) &#8230; La Mutualit\u00e9 Sociale Agricole (MSA) &#8230; Un particularisme : le r\u00e9gime social d&rsquo;Alsace-Moselle. &#8230; Les r\u00e9gimes sp\u00e9ciaux. &#8230; Le r\u00e9gime de<\/p>\n","protected":false},"author":1,"featured_media":941,"comment_status":"closed","ping_status":"closed","sticky":false,"template":"","format":"standard","meta":{"_seopress_robots_primary_cat":"","_seopress_titles_title":"","_seopress_titles_desc":"","_seopress_robots_index":"","footnotes":""},"categories":[8],"tags":[],"class_list":["post-978","post","type-post","status-publish","format-standard","has-post-thumbnail","hentry","category-prevoyance"],"_links":{"self":[{"href":"http:\/\/www.mutuelle-mat.fr\/blog\/wp-json\/wp\/v2\/posts\/978","targetHints":{"allow":["GET"]}}],"collection":[{"href":"http:\/\/www.mutuelle-mat.fr\/blog\/wp-json\/wp\/v2\/posts"}],"about":[{"href":"http:\/\/www.mutuelle-mat.fr\/blog\/wp-json\/wp\/v2\/types\/post"}],"author":[{"embeddable":true,"href":"http:\/\/www.mutuelle-mat.fr\/blog\/wp-json\/wp\/v2\/users\/1"}],"replies":[{"embeddable":true,"href":"http:\/\/www.mutuelle-mat.fr\/blog\/wp-json\/wp\/v2\/comments?post=978"}],"version-history":[{"count":0,"href":"http:\/\/www.mutuelle-mat.fr\/blog\/wp-json\/wp\/v2\/posts\/978\/revisions"}],"wp:featuredmedia":[{"embeddable":true,"href":"http:\/\/www.mutuelle-mat.fr\/blog\/wp-json\/wp\/v2\/media\/941"}],"wp:attachment":[{"href":"http:\/\/www.mutuelle-mat.fr\/blog\/wp-json\/wp\/v2\/media?parent=978"}],"wp:term":[{"taxonomy":"category","embeddable":true,"href":"http:\/\/www.mutuelle-mat.fr\/blog\/wp-json\/wp\/v2\/categories?post=978"},{"taxonomy":"post_tag","embeddable":true,"href":"http:\/\/www.mutuelle-mat.fr\/blog\/wp-json\/wp\/v2\/tags?post=978"}],"curies":[{"name":"wp","href":"https:\/\/api.w.org\/{rel}","templated":true}]}}