{"id":971,"date":"2025-10-03T08:04:56","date_gmt":"2025-10-03T08:04:56","guid":{"rendered":"https:\/\/www.mutuelle-mat.fr\/blog\/quand-vendre-assurance-vie\/971.html"},"modified":"2025-10-03T08:04:56","modified_gmt":"2025-10-03T08:04:56","slug":"quand-vendre-assurance-vie","status":"publish","type":"post","link":"http:\/\/www.mutuelle-mat.fr\/blog\/quand-vendre-assurance-vie\/971.html","title":{"rendered":"Quand vendre assurance vie ?"},"content":{"rendered":"<p>                                        <img decoding=\"async\" src=\"https:\/\/i.ytimg.com\/vi\/qWQobGPWMhU\/hq720.jpg?sqp=-oaymwEcCOgCEMoBSFXyq4qpAw4IARUAAIhCGAFwAcABBg==&#038;rs=AOn4CLB1g29yBTX61JIYoGJqNoMGg-fP3A\" alt=\"Quand vendre assurance vie ?\"><\/p>\n<div id=\"ez-toc-container\" class=\"ez-toc-v2_0_82_2 counter-hierarchy ez-toc-counter ez-toc-grey ez-toc-container-direction\">\n<p class=\"ez-toc-title\" style=\"cursor:inherit\">Sommaires<\/p>\n<label for=\"ez-toc-cssicon-toggle-item-6a9770e39cddc\" class=\"ez-toc-cssicon-toggle-label\"><span class=\"ez-toc-cssicon\"><span class=\"eztoc-hide\" style=\"display:none;\">Toggle<\/span><span class=\"ez-toc-icon-toggle-span\"><svg style=\"fill: #999;color:#999\" xmlns=\"http:\/\/www.w3.org\/2000\/svg\" class=\"list-377408\" width=\"20px\" height=\"20px\" viewBox=\"0 0 24 24\" fill=\"none\"><path d=\"M6 6H4v2h2V6zm14 0H8v2h12V6zM4 11h2v2H4v-2zm16 0H8v2h12v-2zM4 16h2v2H4v-2zm16 0H8v2h12v-2z\" fill=\"currentColor\"><\/path><\/svg><svg style=\"fill: #999;color:#999\" class=\"arrow-unsorted-368013\" xmlns=\"http:\/\/www.w3.org\/2000\/svg\" width=\"10px\" height=\"10px\" viewBox=\"0 0 24 24\" version=\"1.2\" baseProfile=\"tiny\"><path d=\"M18.2 9.3l-6.2-6.3-6.2 6.3c-.2.2-.3.4-.3.7s.1.5.3.7c.2.2.4.3.7.3h11c.3 0 .5-.1.7-.3.2-.2.3-.5.3-.7s-.1-.5-.3-.7zM5.8 14.7l6.2 6.3 6.2-6.3c.2-.2.3-.5.3-.7s-.1-.5-.3-.7c-.2-.2-.4-.3-.7-.3h-11c-.3 0-.5.1-.7.3-.2.2-.3.5-.3.7s.1.5.3.7z\"\/><\/svg><\/span><\/span><\/label><input type=\"checkbox\"  id=\"ez-toc-cssicon-toggle-item-6a9770e39cddc\"  aria-label=\"Toggle\" \/><nav><ul class='ez-toc-list ez-toc-list-level-1 ' ><li class='ez-toc-page-1 ez-toc-heading-level-3'><a class=\"ez-toc-link ez-toc-heading-1\" href=\"http:\/\/www.mutuelle-mat.fr\/blog\/quand-vendre-assurance-vie\/971.html\/#Quand_vendre_assurance_vie\" >Quand vendre assurance vie ?<\/a><\/li><li class='ez-toc-page-1 ez-toc-heading-level-3'><a class=\"ez-toc-link ez-toc-heading-2\" href=\"http:\/\/www.mutuelle-mat.fr\/blog\/quand-vendre-assurance-vie\/971.html\/#Quelle_est_la_valeur_de_rachat_de_votre_assurance_vie\" >Quelle est la valeur de rachat de votre assurance vie?<\/a><\/li><li class='ez-toc-page-1 ez-toc-heading-level-3'><a class=\"ez-toc-link ez-toc-heading-3\" href=\"http:\/\/www.mutuelle-mat.fr\/blog\/quand-vendre-assurance-vie\/971.html\/#Quel_est_le_rachat_total_de_votre_assurance_vie\" >Quel est le rachat total de votre assurance vie?<\/a><\/li><li class='ez-toc-page-1 ez-toc-heading-level-3'><a class=\"ez-toc-link ez-toc-heading-4\" href=\"http:\/\/www.mutuelle-mat.fr\/blog\/quand-vendre-assurance-vie\/971.html\/#Comment_demander_le_rachat_de_son_contrat_dassurance-vie\" >Comment demander le rachat de son contrat d&#39;assurance-vie?<\/a><\/li><li class='ez-toc-page-1 ez-toc-heading-level-3'><a class=\"ez-toc-link ez-toc-heading-5\" href=\"http:\/\/www.mutuelle-mat.fr\/blog\/quand-vendre-assurance-vie\/971.html\/#Quelle_est_la_fiscalite_du_rachat_de_lassurance_vie\" >Quelle est la fiscalit\u00e9 du rachat de l\u2019assurance vie?<\/a><\/li><\/ul><\/nav><\/div>\n<h3 id=\"question-0\"><span class=\"ez-toc-section\" id=\"Quand_vendre_assurance_vie\"><\/span>Quand vendre assurance vie ?<span class=\"ez-toc-section-end\"><\/span><\/h3>\n<p>Il n&rsquo;y a pas de date minimale. \u00c0 tout moment, l&rsquo;argent d&rsquo;une assurance vie est disponible, le capital n&rsquo;est jamais bloqu\u00e9. Cependant, le retrait total ou partiel sur votre assurance vie sera plus avantageux pass\u00e9 8 ans.<\/p>\n<h3 id=\"question-1\"><span class=\"ez-toc-section\" id=\"Quelle_est_la_valeur_de_rachat_de_votre_assurance_vie\"><\/span>Quelle est la valeur de rachat de votre assurance vie?<span class=\"ez-toc-section-end\"><\/span><\/h3>\n<ul>\n<li>Le rachat total : vous r\u00e9cup\u00e9rez l\u2019int\u00e9gralit\u00e9 de la valeur de rachat de votre assurance vie, et votre contrat prend fin, entrainant la perte de l\u2019ant\u00e9riorit\u00e9 fiscale. La valeur de rachat de votre contrat vous est communiqu\u00e9e tous les ans par l\u2019assureur, via un relev\u00e9 annuel. <\/li>\n<\/ul>\n<h3 id=\"question-2\"><span class=\"ez-toc-section\" id=\"Quel_est_le_rachat_total_de_votre_assurance_vie\"><\/span>Quel est le rachat total de votre assurance vie?<span class=\"ez-toc-section-end\"><\/span><\/h3>\n<ul>\n<li>Le rachat total : vous r\u00e9cup\u00e9rez l\u2019int\u00e9gralit\u00e9 de la valeur de rachat de votre assurance vie, et votre contrat prend fin, entrainant la perte de l\u2019ant\u00e9riorit\u00e9 fiscale. La valeur de rachat de votre contrat vous est communiqu\u00e9e tous les ans par l\u2019assureur, via un relev\u00e9 annuel. Celle-ci se compose des versements effectu\u00e9s et des int\u00e9r\u00eats capitalis\u00e9s. <\/li>\n<\/ul>\n<h3 id=\"question-3\"><span class=\"ez-toc-section\" id=\"Comment_demander_le_rachat_de_son_contrat_dassurance-vie\"><\/span>Comment demander le rachat de son contrat d&#39;assurance-vie?<span class=\"ez-toc-section-end\"><\/span><\/h3>\n<ul>\n<li>Demander le rachat de son contrat d&rsquo;assurance-vie (Mod\u00e8le de document) Institut national de la consommation (INC) Permet de demander \u00e0 son assureur un rachat, partiel ou total, de son contrat d&rsquo;assurance-vie. Si le rachat est total, le contrat est r\u00e9sili\u00e9. <\/li>\n<\/ul>\n<h3 id=\"question-4\"><span class=\"ez-toc-section\" id=\"Quelle_est_la_fiscalite_du_rachat_de_lassurance_vie\"><\/span>Quelle est la fiscalit\u00e9 du rachat de l\u2019assurance vie?<span class=\"ez-toc-section-end\"><\/span><\/h3>\n<ul>\n<li>La fiscalit\u00e9 appliqu\u00e9e lors du rachat de l\u2019assurance vie d\u00e9pend de plusieurs \u00e9l\u00e9ments : \u2013 le mode d\u2019imposition choisi : imp\u00f4t sur le revenu ou pr\u00e9l\u00e8vement forfaitaire ; \u2013 l\u2019anciennet\u00e9 de votre contrat : apr\u00e8s 8 ans, vous b\u00e9n\u00e9ficiez par exemple d\u2019une fiscalit\u00e9 moins \u00e9lev\u00e9e et d\u2019un abattement de 4 600 \u20ac\/an ; <\/li>\n<\/ul>\n","protected":false},"excerpt":{"rendered":"<p>Quand vendre assurance vie ? Il n&rsquo;y a pas de date minimale. \u00c0 tout moment, l&rsquo;argent d&rsquo;une assurance vie est disponible, le capital n&rsquo;est jamais bloqu\u00e9. Cependant, le retrait total ou partiel sur votre assurance vie sera plus avantageux pass\u00e9 8 ans. Quelle est la valeur de rachat de votre<\/p>\n","protected":false},"author":1,"featured_media":830,"comment_status":"closed","ping_status":"closed","sticky":false,"template":"","format":"standard","meta":{"_seopress_robots_primary_cat":"","_seopress_titles_title":"","_seopress_titles_desc":"","_seopress_robots_index":"","footnotes":""},"categories":[8],"tags":[],"class_list":["post-971","post","type-post","status-publish","format-standard","has-post-thumbnail","hentry","category-prevoyance"],"_links":{"self":[{"href":"http:\/\/www.mutuelle-mat.fr\/blog\/wp-json\/wp\/v2\/posts\/971","targetHints":{"allow":["GET"]}}],"collection":[{"href":"http:\/\/www.mutuelle-mat.fr\/blog\/wp-json\/wp\/v2\/posts"}],"about":[{"href":"http:\/\/www.mutuelle-mat.fr\/blog\/wp-json\/wp\/v2\/types\/post"}],"author":[{"embeddable":true,"href":"http:\/\/www.mutuelle-mat.fr\/blog\/wp-json\/wp\/v2\/users\/1"}],"replies":[{"embeddable":true,"href":"http:\/\/www.mutuelle-mat.fr\/blog\/wp-json\/wp\/v2\/comments?post=971"}],"version-history":[{"count":0,"href":"http:\/\/www.mutuelle-mat.fr\/blog\/wp-json\/wp\/v2\/posts\/971\/revisions"}],"wp:featuredmedia":[{"embeddable":true,"href":"http:\/\/www.mutuelle-mat.fr\/blog\/wp-json\/wp\/v2\/media\/830"}],"wp:attachment":[{"href":"http:\/\/www.mutuelle-mat.fr\/blog\/wp-json\/wp\/v2\/media?parent=971"}],"wp:term":[{"taxonomy":"category","embeddable":true,"href":"http:\/\/www.mutuelle-mat.fr\/blog\/wp-json\/wp\/v2\/categories?post=971"},{"taxonomy":"post_tag","embeddable":true,"href":"http:\/\/www.mutuelle-mat.fr\/blog\/wp-json\/wp\/v2\/tags?post=971"}],"curies":[{"name":"wp","href":"https:\/\/api.w.org\/{rel}","templated":true}]}}