{"id":955,"date":"2025-10-01T22:21:15","date_gmt":"2025-10-01T22:21:15","guid":{"rendered":"http:\/\/www.mutuelle-mat.fr\/blog\/qui-a-cree-lassurance-maladie\/955.html"},"modified":"2025-10-01T22:21:15","modified_gmt":"2025-10-01T22:21:15","slug":"qui-a-cree-lassurance-maladie","status":"publish","type":"post","link":"http:\/\/www.mutuelle-mat.fr\/blog\/qui-a-cree-lassurance-maladie\/955.html","title":{"rendered":"Qui a cr\u00e9\u00e9 l&rsquo;assurance maladie ?"},"content":{"rendered":"<p>                                        <img decoding=\"async\" src=\"https:\/\/i.ytimg.com\/vi\/rxx-3C7LYTs\/hq720.jpg?sqp=-oaymwEcCOgCEMoBSFXyq4qpAw4IARUAAIhCGAFwAcABBg==&#038;rs=AOn4CLDVMFzWgrQMGDNBfDwepA73RbNvIw\" alt=\"Qui a cr\u00e9\u00e9 l'assurance maladie ?\"><\/p>\n<div id=\"ez-toc-container\" class=\"ez-toc-v2_0_82_2 counter-hierarchy ez-toc-counter ez-toc-grey ez-toc-container-direction\">\n<p class=\"ez-toc-title\" style=\"cursor:inherit\">Sommaires<\/p>\n<label for=\"ez-toc-cssicon-toggle-item-6a977d7a1f989\" class=\"ez-toc-cssicon-toggle-label\"><span class=\"ez-toc-cssicon\"><span class=\"eztoc-hide\" style=\"display:none;\">Toggle<\/span><span class=\"ez-toc-icon-toggle-span\"><svg style=\"fill: #999;color:#999\" xmlns=\"http:\/\/www.w3.org\/2000\/svg\" class=\"list-377408\" width=\"20px\" height=\"20px\" viewBox=\"0 0 24 24\" fill=\"none\"><path d=\"M6 6H4v2h2V6zm14 0H8v2h12V6zM4 11h2v2H4v-2zm16 0H8v2h12v-2zM4 16h2v2H4v-2zm16 0H8v2h12v-2z\" fill=\"currentColor\"><\/path><\/svg><svg style=\"fill: #999;color:#999\" class=\"arrow-unsorted-368013\" xmlns=\"http:\/\/www.w3.org\/2000\/svg\" width=\"10px\" height=\"10px\" viewBox=\"0 0 24 24\" version=\"1.2\" baseProfile=\"tiny\"><path d=\"M18.2 9.3l-6.2-6.3-6.2 6.3c-.2.2-.3.4-.3.7s.1.5.3.7c.2.2.4.3.7.3h11c.3 0 .5-.1.7-.3.2-.2.3-.5.3-.7s-.1-.5-.3-.7zM5.8 14.7l6.2 6.3 6.2-6.3c.2-.2.3-.5.3-.7s-.1-.5-.3-.7c-.2-.2-.4-.3-.7-.3h-11c-.3 0-.5.1-.7.3-.2.2-.3.5-.3.7s.1.5.3.7z\"\/><\/svg><\/span><\/span><\/label><input type=\"checkbox\"  id=\"ez-toc-cssicon-toggle-item-6a977d7a1f989\"  aria-label=\"Toggle\" \/><nav><ul class='ez-toc-list ez-toc-list-level-1 ' ><li class='ez-toc-page-1 ez-toc-heading-level-3'><a class=\"ez-toc-link ez-toc-heading-1\" href=\"http:\/\/www.mutuelle-mat.fr\/blog\/qui-a-cree-lassurance-maladie\/955.html\/#Qui_a_cree_lassurance_maladie\" >Qui a cr\u00e9\u00e9 l&rsquo;assurance maladie ?<\/a><\/li><li class='ez-toc-page-1 ez-toc-heading-level-3'><a class=\"ez-toc-link ez-toc-heading-2\" href=\"http:\/\/www.mutuelle-mat.fr\/blog\/qui-a-cree-lassurance-maladie\/955.html\/#Quels_sont_les_grands_principes_de_la_securite_sociale\" >Quels sont les grands principes de la s\u00e9curit\u00e9 sociale ?<\/a><\/li><li class='ez-toc-page-1 ez-toc-heading-level-3'><a class=\"ez-toc-link ez-toc-heading-3\" href=\"http:\/\/www.mutuelle-mat.fr\/blog\/qui-a-cree-lassurance-maladie\/955.html\/#Quels_sont_les_deux_principes_fondamentaux_de_la_protection_sociale\" >Quels sont les deux principes fondamentaux de la protection sociale ?<\/a><\/li><li class='ez-toc-page-1 ez-toc-heading-level-3'><a class=\"ez-toc-link ez-toc-heading-4\" href=\"http:\/\/www.mutuelle-mat.fr\/blog\/qui-a-cree-lassurance-maladie\/955.html\/#Qui_est_le_pere_de_la_securite_sociale\" >Qui est le p\u00e8re de la s\u00e9curit\u00e9 sociale ?<\/a><\/li><li class='ez-toc-page-1 ez-toc-heading-level-3'><a class=\"ez-toc-link ez-toc-heading-5\" href=\"http:\/\/www.mutuelle-mat.fr\/blog\/qui-a-cree-lassurance-maladie\/955.html\/#Qui_a_le_droit_a_la_securite_sociale\" >Qui a le droit \u00e0 la s\u00e9curit\u00e9 sociale ?<\/a><\/li><li class='ez-toc-page-1 ez-toc-heading-level-3'><a class=\"ez-toc-link ez-toc-heading-6\" href=\"http:\/\/www.mutuelle-mat.fr\/blog\/qui-a-cree-lassurance-maladie\/955.html\/#Quelles_sont_les_assurances_maladie\" >Quelles sont les assurances maladie ?<\/a><\/li><li class='ez-toc-page-1 ez-toc-heading-level-3'><a class=\"ez-toc-link ez-toc-heading-7\" href=\"http:\/\/www.mutuelle-mat.fr\/blog\/qui-a-cree-lassurance-maladie\/955.html\/#Comment_fonctionne_la_securite_sociale\" >Comment fonctionne la s\u00e9curit\u00e9 sociale?<\/a><\/li><li class='ez-toc-page-1 ez-toc-heading-level-3'><a class=\"ez-toc-link ez-toc-heading-8\" href=\"http:\/\/www.mutuelle-mat.fr\/blog\/qui-a-cree-lassurance-maladie\/955.html\/#Quel_est_le_musee_de_la_securite_sociale\" >Quel est le mus\u00e9e de la s\u00e9curit\u00e9 sociale?<\/a><\/li><li class='ez-toc-page-1 ez-toc-heading-level-3'><a class=\"ez-toc-link ez-toc-heading-9\" href=\"http:\/\/www.mutuelle-mat.fr\/blog\/qui-a-cree-lassurance-maladie\/955.html\/#Quelle_est_lhistoire_de_la_protection_sociale_en_France\" >Quelle est l\u2019histoire de la protection sociale en France?<\/a><\/li><li class='ez-toc-page-1 ez-toc-heading-level-3'><a class=\"ez-toc-link ez-toc-heading-10\" href=\"http:\/\/www.mutuelle-mat.fr\/blog\/qui-a-cree-lassurance-maladie\/955.html\/#Quel_est_le_fondateur_de_la_securite_sociale\" >Quel est le fondateur de la s\u00e9curit\u00e9 sociale?<\/a><\/li><\/ul><\/nav><\/div>\n<h3 id=\"question-0\"><span class=\"ez-toc-section\" id=\"Qui_a_cree_lassurance_maladie\"><\/span>Qui a cr\u00e9\u00e9 l&rsquo;assurance maladie ?<span class=\"ez-toc-section-end\"><\/span><\/h3>\n<p>Ces nouvelles conceptions sont appliqu\u00e9es en Prusse o\u00f9 Otto von Bismarck, souhaitant un \u00c9tat fort, d\u00e9veloppe le premier syst\u00e8me d&rsquo;assurances sociales obligatoires avec les projets de loi sur l&rsquo;assurance contre les accidents du travail et l&rsquo;assurance-maladie sociale adopt\u00e9s en 18.<\/p>\n<h3 id=\"question-1\"><span class=\"ez-toc-section\" id=\"Quels_sont_les_grands_principes_de_la_securite_sociale\"><\/span>Quels sont les grands principes de la s\u00e9curit\u00e9 sociale ?<span class=\"ez-toc-section-end\"><\/span><\/h3>\n<p>L&rsquo;Assurance Maladie s&rsquo;est construite depuis 1945 sur trois principes fondamentaux : l&rsquo;\u00e9galit\u00e9 d&rsquo;acc\u00e8s aux soins, la qualit\u00e9 des soins et la solidarit\u00e9.<\/p>\n<\/p>\n<h3 id=\"question-2\"><span class=\"ez-toc-section\" id=\"Quels_sont_les_deux_principes_fondamentaux_de_la_protection_sociale\"><\/span>Quels sont les deux principes fondamentaux de la protection sociale ?<span class=\"ez-toc-section-end\"><\/span><\/h3>\n<p>La S\u00e9curit\u00e9 Sociale est bas\u00e9e sur des grands principes : assurance, solidarit\u00e9 et mutualisation des risques.<\/p>\n<h3 id=\"question-3\"><span class=\"ez-toc-section\" id=\"Qui_est_le_pere_de_la_securite_sociale\"><\/span>Qui est le p\u00e8re de la s\u00e9curit\u00e9 sociale ?<span class=\"ez-toc-section-end\"><\/span><\/h3>\n<p>Souvent appel\u00e9 le \u00ab p\u00e8re \u00bb de la s\u00e9curit\u00e9 sociale de 1945, c&rsquo;est de concert avec Alexandre Parodi, ministre du Travail de septembre 1944 \u00e0 novembre 1945 qu&rsquo;a \u00e9t\u00e9 \u00e9labor\u00e9e cette r\u00e9forme, mise en \u0153uvre ensuite par Ambroise Croizat, d\u00e9put\u00e9 et ministre communiste du Travail et de la S\u00e9curit\u00e9 sociale de novembre 1945 \u00e0 mai &#8230;<\/p>\n<h3 id=\"question-4\"><span class=\"ez-toc-section\" id=\"Qui_a_le_droit_a_la_securite_sociale\"><\/span>Qui a le droit \u00e0 la s\u00e9curit\u00e9 sociale ?<span class=\"ez-toc-section-end\"><\/span><\/h3>\n<p>Toute personne qui travaille ou r\u00e9side en France de mani\u00e8re stable et r\u00e9guli\u00e8re a droit \u00e0 la prise en charge de ses frais de sant\u00e9 \u00e0 titre personnel et de mani\u00e8re continue tout au long de sa vie : tel est le principe de la protection universelle maladie.<\/p>\n<\/p>\n<h3 id=\"question-5\"><span class=\"ez-toc-section\" id=\"Quelles_sont_les_assurances_maladie\"><\/span>Quelles sont les assurances maladie ?<span class=\"ez-toc-section-end\"><\/span><\/h3>\n<p>O\u00f9 s&rsquo;informer ?<\/p>\n<ul>\n<li>Caisse primaire d&rsquo;assurance maladie (CPAM) Nouvelle fen\u00eatre.<\/li>\n<li>S\u00e9curit\u00e9 sociale des ind\u00e9pendants Nouvelle fen\u00eatre.<\/li>\n<li>Mutualit\u00e9 sociale agricole (MSA) Nouvelle fen\u00eatre.<\/li>\n<li>Caisse nationale militaire de s\u00e9curit\u00e9 sociale (CNMSS)<\/li>\n<\/ul>\n<h3 id=\"question-6\"><span class=\"ez-toc-section\" id=\"Comment_fonctionne_la_securite_sociale\"><\/span>Comment fonctionne la s\u00e9curit\u00e9 sociale?<span class=\"ez-toc-section-end\"><\/span><\/h3>\n<ul>\n<li>Aujourd&rsquo;hui, elle garantit l&rsquo;acc\u00e8s aux soins de pr\u00e8s de 55 millions de personnes. Les ordonnances des 4 et 19 octobre 1945 promulgu\u00e9es par le gouvernement du G\u00e9n\u00e9ral de Gaulle cr\u00e9ent une organisation de la S\u00e9curit\u00e9 sociale. <\/li>\n<\/ul>\n<h3 id=\"question-7\"><span class=\"ez-toc-section\" id=\"Quel_est_le_musee_de_la_securite_sociale\"><\/span>Quel est le mus\u00e9e de la s\u00e9curit\u00e9 sociale?<span class=\"ez-toc-section-end\"><\/span><\/h3>\n<ul>\n<li>Ce mus\u00e9e retrace les grandes \u00e9tapes de l\u2019histoire de la protection sociale en France, de l\u2019Antiquit\u00e9 au XXI\u00b0 si\u00e8cle. Le site portail des caisses nationales de s\u00e9curit\u00e9 sociale, en collaboration avec la Direction de la s\u00e9curit\u00e9 sociale. <\/li>\n<\/ul>\n<h3 id=\"question-8\"><span class=\"ez-toc-section\" id=\"Quelle_est_lhistoire_de_la_protection_sociale_en_France\"><\/span>Quelle est l\u2019histoire de la protection sociale en France?<span class=\"ez-toc-section-end\"><\/span><\/h3>\n<ul>\n<li>Histoire de la protection sociale en France. Le d\u00e9but d\u2019une r\u00e9ponse coh\u00e9rente est mis en place en Angleterre avec une s\u00e9rie de lois successives, dont celle de 1601 en vigueur jusqu\u2019en 1834, attribuant aux pauvres une certaine protection. La loi de 1601 conf\u00e8re un droit \u00e0 l\u2019assistance \u00e0 tous les membres d\u2019une paroisse. <\/li>\n<\/ul>\n<h3 id=\"question-9\"><span class=\"ez-toc-section\" id=\"Quel_est_le_fondateur_de_la_securite_sociale\"><\/span>Quel est le fondateur de la s\u00e9curit\u00e9 sociale?<span class=\"ez-toc-section-end\"><\/span><\/h3>\n<ul>\n<li>Pierre Laroque (1907-1997) fut le fondateur de la S\u00e9curit\u00e9 sociale dont il fut nomm\u00e9, le 5 octobre 1944, directeur g\u00e9n\u00e9ral. Il a tr\u00e8s largement particip\u00e9 \u00e0 la r\u00e9daction des textes fondateurs de la S\u00e9curit\u00e9 sociale qu&rsquo;il a dirig\u00e9e jusqu&rsquo;en octobre 1951, date \u00e0 laquelle il fut remplac\u00e9 par Jacques Doublet. <\/li>\n<\/ul>\n","protected":false},"excerpt":{"rendered":"<p>Qui a cr\u00e9\u00e9 l&rsquo;assurance maladie ? Ces nouvelles conceptions sont appliqu\u00e9es en Prusse o\u00f9 Otto von Bismarck, souhaitant un \u00c9tat fort, d\u00e9veloppe le premier syst\u00e8me d&rsquo;assurances sociales obligatoires avec les projets de loi sur l&rsquo;assurance contre les accidents du travail et l&rsquo;assurance-maladie sociale adopt\u00e9s en 18. Quels sont les grands<\/p>\n","protected":false},"author":1,"featured_media":956,"comment_status":"closed","ping_status":"closed","sticky":false,"template":"","format":"standard","meta":{"_seopress_robots_primary_cat":"","_seopress_titles_title":"","_seopress_titles_desc":"","_seopress_robots_index":"","footnotes":""},"categories":[8],"tags":[],"class_list":["post-955","post","type-post","status-publish","format-standard","has-post-thumbnail","hentry","category-prevoyance"],"_links":{"self":[{"href":"http:\/\/www.mutuelle-mat.fr\/blog\/wp-json\/wp\/v2\/posts\/955","targetHints":{"allow":["GET"]}}],"collection":[{"href":"http:\/\/www.mutuelle-mat.fr\/blog\/wp-json\/wp\/v2\/posts"}],"about":[{"href":"http:\/\/www.mutuelle-mat.fr\/blog\/wp-json\/wp\/v2\/types\/post"}],"author":[{"embeddable":true,"href":"http:\/\/www.mutuelle-mat.fr\/blog\/wp-json\/wp\/v2\/users\/1"}],"replies":[{"embeddable":true,"href":"http:\/\/www.mutuelle-mat.fr\/blog\/wp-json\/wp\/v2\/comments?post=955"}],"version-history":[{"count":0,"href":"http:\/\/www.mutuelle-mat.fr\/blog\/wp-json\/wp\/v2\/posts\/955\/revisions"}],"wp:featuredmedia":[{"embeddable":true,"href":"http:\/\/www.mutuelle-mat.fr\/blog\/wp-json\/wp\/v2\/media\/956"}],"wp:attachment":[{"href":"http:\/\/www.mutuelle-mat.fr\/blog\/wp-json\/wp\/v2\/media?parent=955"}],"wp:term":[{"taxonomy":"category","embeddable":true,"href":"http:\/\/www.mutuelle-mat.fr\/blog\/wp-json\/wp\/v2\/categories?post=955"},{"taxonomy":"post_tag","embeddable":true,"href":"http:\/\/www.mutuelle-mat.fr\/blog\/wp-json\/wp\/v2\/tags?post=955"}],"curies":[{"name":"wp","href":"https:\/\/api.w.org\/{rel}","templated":true}]}}