{"id":940,"date":"2025-09-30T12:37:25","date_gmt":"2025-09-30T12:37:25","guid":{"rendered":"http:\/\/www.mutuelle-mat.fr\/blog\/quel-regime-dassurance-maladie-chomeur\/940.html"},"modified":"2025-09-30T12:37:25","modified_gmt":"2025-09-30T12:37:25","slug":"quel-regime-dassurance-maladie-chomeur","status":"publish","type":"post","link":"http:\/\/www.mutuelle-mat.fr\/blog\/quel-regime-dassurance-maladie-chomeur\/940.html","title":{"rendered":"Quel r\u00e9gime d&rsquo;assurance maladie ch\u00f4meur ?"},"content":{"rendered":"<p>                                        <img decoding=\"async\" src=\"https:\/\/i.ytimg.com\/vi\/vvjMW-GR2g8\/hq720.jpg?sqp=-oaymwEcCOgCEMoBSFXyq4qpAw4IARUAAIhCGAFwAcABBg==&#038;rs=AOn4CLBFMBrlI_12M2RdFhaCnUnD5G81Tg\" alt=\"Quel r\u00e9gime d'assurance maladie ch\u00f4meur ?\"><\/p>\n<div id=\"ez-toc-container\" class=\"ez-toc-v2_0_82_2 counter-hierarchy ez-toc-counter ez-toc-grey ez-toc-container-direction\">\n<p class=\"ez-toc-title\" style=\"cursor:inherit\">Sommaires<\/p>\n<label for=\"ez-toc-cssicon-toggle-item-6a979b1ae9d8c\" class=\"ez-toc-cssicon-toggle-label\"><span class=\"ez-toc-cssicon\"><span class=\"eztoc-hide\" style=\"display:none;\">Toggle<\/span><span class=\"ez-toc-icon-toggle-span\"><svg style=\"fill: #999;color:#999\" xmlns=\"http:\/\/www.w3.org\/2000\/svg\" class=\"list-377408\" width=\"20px\" height=\"20px\" viewBox=\"0 0 24 24\" fill=\"none\"><path d=\"M6 6H4v2h2V6zm14 0H8v2h12V6zM4 11h2v2H4v-2zm16 0H8v2h12v-2zM4 16h2v2H4v-2zm16 0H8v2h12v-2z\" fill=\"currentColor\"><\/path><\/svg><svg style=\"fill: #999;color:#999\" class=\"arrow-unsorted-368013\" xmlns=\"http:\/\/www.w3.org\/2000\/svg\" width=\"10px\" height=\"10px\" viewBox=\"0 0 24 24\" version=\"1.2\" baseProfile=\"tiny\"><path d=\"M18.2 9.3l-6.2-6.3-6.2 6.3c-.2.2-.3.4-.3.7s.1.5.3.7c.2.2.4.3.7.3h11c.3 0 .5-.1.7-.3.2-.2.3-.5.3-.7s-.1-.5-.3-.7zM5.8 14.7l6.2 6.3 6.2-6.3c.2-.2.3-.5.3-.7s-.1-.5-.3-.7c-.2-.2-.4-.3-.7-.3h-11c-.3 0-.5.1-.7.3-.2.2-.3.5-.3.7s.1.5.3.7z\"\/><\/svg><\/span><\/span><\/label><input type=\"checkbox\"  id=\"ez-toc-cssicon-toggle-item-6a979b1ae9d8c\"  aria-label=\"Toggle\" \/><nav><ul class='ez-toc-list ez-toc-list-level-1 ' ><li class='ez-toc-page-1 ez-toc-heading-level-3'><a class=\"ez-toc-link ez-toc-heading-1\" href=\"http:\/\/www.mutuelle-mat.fr\/blog\/quel-regime-dassurance-maladie-chomeur\/940.html\/#Quel_regime_dassurance_maladie_chomeur\" >Quel r\u00e9gime d&rsquo;assurance maladie ch\u00f4meur ?<\/a><\/li><li class='ez-toc-page-1 ez-toc-heading-level-3'><a class=\"ez-toc-link ez-toc-heading-2\" href=\"http:\/\/www.mutuelle-mat.fr\/blog\/quel-regime-dassurance-maladie-chomeur\/940.html\/#Comment_sont_calcules_les_IJ_quand_on_est_au_chomage\" >Comment sont calcul\u00e9s les IJ quand on est au ch\u00f4mage ?<\/a><\/li><li class='ez-toc-page-1 ez-toc-heading-level-3'><a class=\"ez-toc-link ez-toc-heading-3\" href=\"http:\/\/www.mutuelle-mat.fr\/blog\/quel-regime-dassurance-maladie-chomeur\/940.html\/#Qui_na_pas_droit_a_la_securite_sociale\" >Qui n&rsquo;a pas droit \u00e0 la s\u00e9curit\u00e9 sociale ?<\/a><\/li><li class='ez-toc-page-1 ez-toc-heading-level-3'><a class=\"ez-toc-link ez-toc-heading-4\" href=\"http:\/\/www.mutuelle-mat.fr\/blog\/quel-regime-dassurance-maladie-chomeur\/940.html\/#Qui_est_ayant_droit_dun_assure_social\" >Qui est ayant droit d&rsquo;un assur\u00e9 social ?<\/a><\/li><li class='ez-toc-page-1 ez-toc-heading-level-3'><a class=\"ez-toc-link ez-toc-heading-5\" href=\"http:\/\/www.mutuelle-mat.fr\/blog\/quel-regime-dassurance-maladie-chomeur\/940.html\/#Quels_sont_les_differents_regimes_sociaux\" >Quels sont les diff\u00e9rents r\u00e9gimes sociaux ?<\/a><\/li><li class='ez-toc-page-1 ez-toc-heading-level-3'><a class=\"ez-toc-link ez-toc-heading-6\" href=\"http:\/\/www.mutuelle-mat.fr\/blog\/quel-regime-dassurance-maladie-chomeur\/940.html\/#Quels_sont_les_differents_regimes\" >Quels sont les diff\u00e9rents r\u00e9gimes ?<\/a><\/li><li class='ez-toc-page-1 ez-toc-heading-level-3'><a class=\"ez-toc-link ez-toc-heading-7\" href=\"http:\/\/www.mutuelle-mat.fr\/blog\/quel-regime-dassurance-maladie-chomeur\/940.html\/#Quelles_conditions_pour_beneficier_des_indemnites_journalieres\" >Quelles conditions pour b\u00e9n\u00e9ficier des indemnit\u00e9s journali\u00e8res ?<\/a><\/li><li class='ez-toc-page-1 ez-toc-heading-level-3'><a class=\"ez-toc-link ez-toc-heading-8\" href=\"http:\/\/www.mutuelle-mat.fr\/blog\/quel-regime-dassurance-maladie-chomeur\/940.html\/#Est-ce_que_le_chomeur_a_droit_au_remboursement_de_ses_frais_de_sante\" >Est-ce que le ch\u00f4meur a droit au remboursement de ses frais de sant\u00e9?<\/a><\/li><li class='ez-toc-page-1 ez-toc-heading-level-3'><a class=\"ez-toc-link ez-toc-heading-9\" href=\"http:\/\/www.mutuelle-mat.fr\/blog\/quel-regime-dassurance-maladie-chomeur\/940.html\/#Comment_beneficier_de_lassurance_maladie_pendant_une_periode_de_chomage\" >Comment b\u00e9n\u00e9ficier de l&#39;assurance maladie pendant une p\u00e9riode de ch\u00f4mage?<\/a><\/li><li class='ez-toc-page-1 ez-toc-heading-level-3'><a class=\"ez-toc-link ez-toc-heading-10\" href=\"http:\/\/www.mutuelle-mat.fr\/blog\/quel-regime-dassurance-maladie-chomeur\/940.html\/#Est-ce_que_vous_etes_au_chomage\" >Est-ce que vous \u00eates au ch\u00f4mage?<\/a><\/li><li class='ez-toc-page-1 ez-toc-heading-level-3'><a class=\"ez-toc-link ez-toc-heading-11\" href=\"http:\/\/www.mutuelle-mat.fr\/blog\/quel-regime-dassurance-maladie-chomeur\/940.html\/#Pourquoi_un_chomeur_nest_pas_indemnise\" >Pourquoi un ch\u00f4meur n\u2019est pas indemnis\u00e9?<\/a><\/li><\/ul><\/nav><\/div>\n<h3 id=\"question-0\"><span class=\"ez-toc-section\" id=\"Quel_regime_dassurance_maladie_chomeur\"><\/span>Quel r\u00e9gime d&rsquo;assurance maladie ch\u00f4meur ?<span class=\"ez-toc-section-end\"><\/span><\/h3>\n<p>Quelles sont les conditions \u00e0 remplir ? Si vous n&rsquo;avez pas d&rsquo;activit\u00e9 professionnelle, vous pouvez \u00eatre rattach\u00e9 au r\u00e9gime g\u00e9n\u00e9ral sur crit\u00e8re de r\u00e9sidence et b\u00e9n\u00e9ficier \u00e0 ce titre de la prise en charge de vos frais de sant\u00e9 (maladie et maternit\u00e9), d\u00e8s lors que vous r\u00e9sidez en France de mani\u00e8re stable et r\u00e9guli\u00e8re.<\/p>\n<h3 id=\"question-1\"><span class=\"ez-toc-section\" id=\"Comment_sont_calcules_les_IJ_quand_on_est_au_chomage\"><\/span>Comment sont calcul\u00e9s les IJ quand on est au ch\u00f4mage ?<span class=\"ez-toc-section-end\"><\/span><\/h3>\n<p>Elle est calcul\u00e9e sur la base de vos salaires ant\u00e9rieurs et elle repr\u00e9sente 50 % du montant du salaire journalier de base, dans la limite de 1.8 fois le SMIC en vigueur. P\u00f4le Emploi applique un d\u00e9lai de carence de 3 jours \u00e0 compter de la date de l&rsquo;arr\u00eat.<\/p>\n<\/p>\n<h3 id=\"question-2\"><span class=\"ez-toc-section\" id=\"Qui_na_pas_droit_a_la_securite_sociale\"><\/span>Qui n&rsquo;a pas droit \u00e0 la s\u00e9curit\u00e9 sociale ?<span class=\"ez-toc-section-end\"><\/span><\/h3>\n<p>L&rsquo;affiliation et la cotisation \u00e0 la S\u00e9curit\u00e9 sociale est automatique et obligatoire pour tout travailleur. En revanche, un inactif sans revenu peut en \u00eatre radi\u00e9 et perdre ses droits.<\/p>\n<h3 id=\"question-3\"><span class=\"ez-toc-section\" id=\"Qui_est_ayant_droit_dun_assure_social\"><\/span>Qui est ayant droit d&rsquo;un assur\u00e9 social ?<span class=\"ez-toc-section-end\"><\/span><\/h3>\n<p>Toute personne majeure sans activit\u00e9 professionnelle a droit \u00e0 la prise en charge de ses frais de sant\u00e9, si elle vit en France de mani\u00e8re stable et r\u00e9guli\u00e8re . Il n&rsquo;y a plus besoin d&rsquo;\u00eatre rattach\u00e9 \u00e0 un assur\u00e9 ouvrant droit.<\/p>\n<h3 id=\"question-4\"><span class=\"ez-toc-section\" id=\"Quels_sont_les_differents_regimes_sociaux\"><\/span>Quels sont les diff\u00e9rents r\u00e9gimes sociaux ?<span class=\"ez-toc-section-end\"><\/span><\/h3>\n<p>Quels sont les diff\u00e9rents r\u00e9gimes de base de protection sociale ?<\/p>\n<ul>\n<li>Le r\u00e9gime g\u00e9n\u00e9ral de la S\u00e9curit\u00e9 sociale.<\/li>\n<li>Le r\u00e9gime agricole.<\/li>\n<li>Le R\u00e9gime Social des Ind\u00e9pendants.<\/li>\n<li>Les r\u00e9gimes sp\u00e9ciaux.<\/li>\n<\/ul>\n<h3 id=\"question-5\"><span class=\"ez-toc-section\" id=\"Quels_sont_les_differents_regimes\"><\/span>Quels sont les diff\u00e9rents r\u00e9gimes ?<span class=\"ez-toc-section-end\"><\/span><\/h3>\n<p>Types de r\u00e9gimes<\/p>\n<ul>\n<li>Le r\u00e9gime hyperprot\u00e9in\u00e9<\/li>\n<li>Le r\u00e9gime prot\u00e9in\u00e9<\/li>\n<li>Le r\u00e9gime dissoci\u00e9<\/li>\n<li>Le r\u00e9gime hypocalorique.<\/li>\n<li>Le r\u00e9gime v\u00e9g\u00e9tarien.<\/li>\n<li>Le r\u00e9gime anticellulite.<\/li>\n<li>Le r\u00e9gime D\u00e9tox.<\/li>\n<li>Le r\u00e9gime sans sel.<\/li>\n<\/ul>\n<h3 id=\"question-6\"><span class=\"ez-toc-section\" id=\"Quelles_conditions_pour_beneficier_des_indemnites_journalieres\"><\/span>Quelles conditions pour b\u00e9n\u00e9ficier des indemnit\u00e9s journali\u00e8res ?<span class=\"ez-toc-section-end\"><\/span><\/h3>\n<p>Pour b\u00e9n\u00e9ficier des indemnit\u00e9s journali\u00e8res (IJ) :<\/p>\n<ul>\n<li>vous devez avoir travaill\u00e9 au moins 150 heures sur la p\u00e9riode des 3 mois ou 90 jours qui pr\u00e9c\u00e8dent votre arr\u00eat de travail. &#8230; <\/li>\n<li>ou vous devez avoir cotis\u00e9 sur un salaire au moins \u00e9gal \u00e0 1 015 fois le montant du Smic horaire au cours des 6 mois pr\u00e9c\u00e9dant l&rsquo;arr\u00eat de travail.<\/li>\n<\/ul>\n<h3 id=\"question-7\"><span class=\"ez-toc-section\" id=\"Est-ce_que_le_chomeur_a_droit_au_remboursement_de_ses_frais_de_sante\"><\/span>Est-ce que le ch\u00f4meur a droit au remboursement de ses frais de sant\u00e9?<span class=\"ez-toc-section-end\"><\/span><\/h3>\n<ul>\n<li>Le ch\u00f4meur continue \u00e0 avoir droit au remboursement de ses frais de sant\u00e9 en cas de maladie ou de maternit\u00e9, sans limitation de dur\u00e9e dans la mesure o\u00f9 il r\u00e9side de mani\u00e8re stable et r\u00e9guli\u00e8re en France (dans le cadre de la Protection maladie universelle) <\/li>\n<\/ul>\n<h3 id=\"question-8\"><span class=\"ez-toc-section\" id=\"Comment_beneficier_de_lassurance_maladie_pendant_une_periode_de_chomage\"><\/span>Comment b\u00e9n\u00e9ficier de l&#39;assurance maladie pendant une p\u00e9riode de ch\u00f4mage?<span class=\"ez-toc-section-end\"><\/span><\/h3>\n<ul>\n<li>Couverture sociale pendant une p\u00e9riode de ch\u00f4mage. Le r\u00e9gime d\u2019assurance maladie des ch\u00f4meurs d\u00e9pend de leurs droits \u00e0 l&rsquo;indemnisation. Un ch\u00f4meur indemnis\u00e9 b\u00e9n\u00e9ficie du m\u00eame r\u00e9gime d\u2019assurance maladie que celui dont il b\u00e9n\u00e9ficiait quand il \u00e9tait salari\u00e9. <\/li>\n<\/ul>\n<h3 id=\"question-9\"><span class=\"ez-toc-section\" id=\"Est-ce_que_vous_etes_au_chomage\"><\/span>Est-ce que vous \u00eates au ch\u00f4mage?<span class=\"ez-toc-section-end\"><\/span><\/h3>\n<ul>\n<li>Oui, si vous \u00eates au ch\u00f4mage, vous continuez \u00e0 avoir droit au remboursement de ses frais de sant\u00e9 en cas de maladie. Du fait de la protection universelle maladie (Puma) , vos frais de sant\u00e9 sont rembours\u00e9s m\u00eame si vous ne travaillez pas. Il faut pour cela r\u00e9sider en France de mani\u00e8re stable. <\/li>\n<\/ul>\n<h3 id=\"question-10\"><span class=\"ez-toc-section\" id=\"Pourquoi_un_chomeur_nest_pas_indemnise\"><\/span>Pourquoi un ch\u00f4meur n\u2019est pas indemnis\u00e9?<span class=\"ez-toc-section-end\"><\/span><\/h3>\n<ul>\n<li>Un ch\u00f4meur qui n\u2019est pas (ou plus) indemnis\u00e9 b\u00e9n\u00e9ficie d\u2019un maintien de ses droits pendant une p\u00e9riode d\u2019 un an \u00e0 la suite de la rupture de son contrat de travail, ou au dernier versement de son allocation. <\/li>\n<\/ul>\n","protected":false},"excerpt":{"rendered":"<p>Quel r\u00e9gime d&rsquo;assurance maladie ch\u00f4meur ? Quelles sont les conditions \u00e0 remplir ? Si vous n&rsquo;avez pas d&rsquo;activit\u00e9 professionnelle, vous pouvez \u00eatre rattach\u00e9 au r\u00e9gime g\u00e9n\u00e9ral sur crit\u00e8re de r\u00e9sidence et b\u00e9n\u00e9ficier \u00e0 ce titre de la prise en charge de vos frais de sant\u00e9 (maladie et maternit\u00e9), d\u00e8s lors<\/p>\n","protected":false},"author":1,"featured_media":941,"comment_status":"closed","ping_status":"closed","sticky":false,"template":"","format":"standard","meta":{"_seopress_robots_primary_cat":"","_seopress_titles_title":"","_seopress_titles_desc":"","_seopress_robots_index":"","footnotes":""},"categories":[8],"tags":[],"class_list":["post-940","post","type-post","status-publish","format-standard","has-post-thumbnail","hentry","category-prevoyance"],"_links":{"self":[{"href":"http:\/\/www.mutuelle-mat.fr\/blog\/wp-json\/wp\/v2\/posts\/940","targetHints":{"allow":["GET"]}}],"collection":[{"href":"http:\/\/www.mutuelle-mat.fr\/blog\/wp-json\/wp\/v2\/posts"}],"about":[{"href":"http:\/\/www.mutuelle-mat.fr\/blog\/wp-json\/wp\/v2\/types\/post"}],"author":[{"embeddable":true,"href":"http:\/\/www.mutuelle-mat.fr\/blog\/wp-json\/wp\/v2\/users\/1"}],"replies":[{"embeddable":true,"href":"http:\/\/www.mutuelle-mat.fr\/blog\/wp-json\/wp\/v2\/comments?post=940"}],"version-history":[{"count":0,"href":"http:\/\/www.mutuelle-mat.fr\/blog\/wp-json\/wp\/v2\/posts\/940\/revisions"}],"wp:featuredmedia":[{"embeddable":true,"href":"http:\/\/www.mutuelle-mat.fr\/blog\/wp-json\/wp\/v2\/media\/941"}],"wp:attachment":[{"href":"http:\/\/www.mutuelle-mat.fr\/blog\/wp-json\/wp\/v2\/media?parent=940"}],"wp:term":[{"taxonomy":"category","embeddable":true,"href":"http:\/\/www.mutuelle-mat.fr\/blog\/wp-json\/wp\/v2\/categories?post=940"},{"taxonomy":"post_tag","embeddable":true,"href":"http:\/\/www.mutuelle-mat.fr\/blog\/wp-json\/wp\/v2\/tags?post=940"}],"curies":[{"name":"wp","href":"https:\/\/api.w.org\/{rel}","templated":true}]}}