{"id":933,"date":"2025-09-30T00:06:43","date_gmt":"2025-09-30T00:06:43","guid":{"rendered":"http:\/\/www.mutuelle-mat.fr\/blog\/quel-est-le-delai-pour-resilier-un-contrat-dassurance\/933.html"},"modified":"2025-09-30T00:06:43","modified_gmt":"2025-09-30T00:06:43","slug":"quel-est-le-delai-pour-resilier-un-contrat-dassurance","status":"publish","type":"post","link":"http:\/\/www.mutuelle-mat.fr\/blog\/quel-est-le-delai-pour-resilier-un-contrat-dassurance\/933.html","title":{"rendered":"Quel est le d\u00e9lai pour r\u00e9silier un contrat d&rsquo;assurance ?"},"content":{"rendered":"<p>                                        <img decoding=\"async\" src=\"https:\/\/i.ytimg.com\/vi\/OxmY77Lm38w\/hq720.jpg?sqp=-oaymwEcCOgCEMoBSFXyq4qpAw4IARUAAIhCGAFwAcABBg==&#038;rs=AOn4CLCwXouEYZ-Sgzlsi_muwyiwednXpg\" alt=\"Quel est le d\u00e9lai pour r\u00e9silier un contrat d'assurance ?\"><\/p>\n<div id=\"ez-toc-container\" class=\"ez-toc-v2_0_82_2 counter-hierarchy ez-toc-counter ez-toc-grey ez-toc-container-direction\">\n<p class=\"ez-toc-title\" style=\"cursor:inherit\">Sommaires<\/p>\n<label for=\"ez-toc-cssicon-toggle-item-6a979b1ac10f5\" class=\"ez-toc-cssicon-toggle-label\"><span class=\"ez-toc-cssicon\"><span class=\"eztoc-hide\" style=\"display:none;\">Toggle<\/span><span class=\"ez-toc-icon-toggle-span\"><svg style=\"fill: #999;color:#999\" xmlns=\"http:\/\/www.w3.org\/2000\/svg\" class=\"list-377408\" width=\"20px\" height=\"20px\" viewBox=\"0 0 24 24\" fill=\"none\"><path d=\"M6 6H4v2h2V6zm14 0H8v2h12V6zM4 11h2v2H4v-2zm16 0H8v2h12v-2zM4 16h2v2H4v-2zm16 0H8v2h12v-2z\" fill=\"currentColor\"><\/path><\/svg><svg style=\"fill: #999;color:#999\" class=\"arrow-unsorted-368013\" xmlns=\"http:\/\/www.w3.org\/2000\/svg\" width=\"10px\" height=\"10px\" viewBox=\"0 0 24 24\" version=\"1.2\" baseProfile=\"tiny\"><path d=\"M18.2 9.3l-6.2-6.3-6.2 6.3c-.2.2-.3.4-.3.7s.1.5.3.7c.2.2.4.3.7.3h11c.3 0 .5-.1.7-.3.2-.2.3-.5.3-.7s-.1-.5-.3-.7zM5.8 14.7l6.2 6.3 6.2-6.3c.2-.2.3-.5.3-.7s-.1-.5-.3-.7c-.2-.2-.4-.3-.7-.3h-11c-.3 0-.5.1-.7.3-.2.2-.3.5-.3.7s.1.5.3.7z\"\/><\/svg><\/span><\/span><\/label><input type=\"checkbox\"  id=\"ez-toc-cssicon-toggle-item-6a979b1ac10f5\"  aria-label=\"Toggle\" \/><nav><ul class='ez-toc-list ez-toc-list-level-1 ' ><li class='ez-toc-page-1 ez-toc-heading-level-3'><a class=\"ez-toc-link ez-toc-heading-1\" href=\"http:\/\/www.mutuelle-mat.fr\/blog\/quel-est-le-delai-pour-resilier-un-contrat-dassurance\/933.html\/#Quel_est_le_delai_pour_resilier_un_contrat_dassurance\" >Quel est le d\u00e9lai pour r\u00e9silier un contrat d&rsquo;assurance ?<\/a><\/li><li class='ez-toc-page-1 ez-toc-heading-level-3'><a class=\"ez-toc-link ez-toc-heading-2\" href=\"http:\/\/www.mutuelle-mat.fr\/blog\/quel-est-le-delai-pour-resilier-un-contrat-dassurance\/933.html\/#Comment_faire_une_lettre_pour_resilier_un_contrat_dassurance\" >Comment faire une lettre pour r\u00e9silier un contrat d&rsquo;assurance ?<\/a><\/li><li class='ez-toc-page-1 ez-toc-heading-level-3'><a class=\"ez-toc-link ez-toc-heading-3\" href=\"http:\/\/www.mutuelle-mat.fr\/blog\/quel-est-le-delai-pour-resilier-un-contrat-dassurance\/933.html\/#Comment_resilier_mon_contrat_dassurance\" >Comment r\u00e9silier mon contrat d\u2019assurance?<\/a><\/li><li class='ez-toc-page-1 ez-toc-heading-level-3'><a class=\"ez-toc-link ez-toc-heading-4\" href=\"http:\/\/www.mutuelle-mat.fr\/blog\/quel-est-le-delai-pour-resilier-un-contrat-dassurance\/933.html\/#Quelle_est_la_resiliation_apres_la_premiere_annee_de_contrat\" >Quelle est la r\u00e9siliation apr\u00e8s la premi\u00e8re ann\u00e9e de contrat?<\/a><\/li><li class='ez-toc-page-1 ez-toc-heading-level-3'><a class=\"ez-toc-link ez-toc-heading-5\" href=\"http:\/\/www.mutuelle-mat.fr\/blog\/quel-est-le-delai-pour-resilier-un-contrat-dassurance\/933.html\/#Quelle_est_la_periode_de_resiliation_de_votre_assurance\" >Quelle est la p\u00e9riode de r\u00e9siliation de votre assurance?<\/a><\/li><li class='ez-toc-page-1 ez-toc-heading-level-3'><a class=\"ez-toc-link ez-toc-heading-6\" href=\"http:\/\/www.mutuelle-mat.fr\/blog\/quel-est-le-delai-pour-resilier-un-contrat-dassurance\/933.html\/#Quelle_lettre_de_resiliation_de_contrat_dassurance_doit_etre_envoyee_en_recommande\" >Quelle lettre de r\u00e9siliation de contrat d&#39;assurance doit \u00eatre envoy\u00e9e en recommand\u00e9?<\/a><\/li><\/ul><\/nav><\/div>\n<h3 id=\"question-0\"><span class=\"ez-toc-section\" id=\"Quel_est_le_delai_pour_resilier_un_contrat_dassurance\"><\/span>Quel est le d\u00e9lai pour r\u00e9silier un contrat d&rsquo;assurance ?<span class=\"ez-toc-section-end\"><\/span><\/h3>\n<p>La loi pr\u00e9voit pour l&rsquo;assur\u00e9, comme pour l&rsquo;assureur, la possibilit\u00e9 de r\u00e9silier le contrat d&rsquo;assurance chaque ann\u00e9e. Dans le cadre de la r\u00e9siliation annuelle, l&rsquo;assur\u00e9 doit pr\u00e9venir l&rsquo;assureur au moins deux mois avant la date d&rsquo;\u00e9ch\u00e9ance. Lorsque ce d\u00e9lai n&rsquo;est respect\u00e9, le contrat d&rsquo;assurance n&rsquo;est pas r\u00e9sili\u00e9.<\/p>\n<h3 id=\"question-1\"><span class=\"ez-toc-section\" id=\"Comment_faire_une_lettre_pour_resilier_un_contrat_dassurance\"><\/span>Comment faire une lettre pour r\u00e9silier un contrat d&rsquo;assurance ?<span class=\"ez-toc-section-end\"><\/span><\/h3>\n<p>Par la pr\u00e9sente, je vous informe que je souhaite mettre un terme \u00e0 mon contrat d&rsquo;assurance portant les r\u00e9f\u00e9rences (num\u00e9ro du contrat) \u00e0 la date du (\u00e0 pr\u00e9ciser) en application des dispositions de l&rsquo;Article (L113-12) du Code des Assurances et conform\u00e9ment aux conditions tant g\u00e9n\u00e9rales que particuli\u00e8res du contrat.<\/p>\n<\/p>\n<h3 id=\"question-2\"><span class=\"ez-toc-section\" id=\"Comment_resilier_mon_contrat_dassurance\"><\/span>Comment r\u00e9silier mon contrat d\u2019assurance?<span class=\"ez-toc-section-end\"><\/span><\/h3>\n<ul>\n<li>Lettre recommand\u00e9e avec accus\u00e9 de r\u00e9ception. Objet : R\u00e9siliation de mon contrat d\u2019assurance. (Madame, Monsieur), Je vous adresse ce pr\u00e9sent courrier pour vous informer de ma d\u00e9cision de mettre fin \u00e0 mon contrat d\u2019assurance n\u00b0 XXXX (indiquer le num\u00e9ro du contrat d\u2019assurance concern\u00e9 par la r\u00e9siliation) portant sur &#8230; <\/li>\n<\/ul>\n<h3 id=\"question-3\"><span class=\"ez-toc-section\" id=\"Quelle_est_la_resiliation_apres_la_premiere_annee_de_contrat\"><\/span>Quelle est la r\u00e9siliation apr\u00e8s la premi\u00e8re ann\u00e9e de contrat?<span class=\"ez-toc-section-end\"><\/span><\/h3>\n<ul>\n<li>(En cas de r\u00e9siliation apr\u00e8s la premi\u00e8re ann\u00e9e de contrat) Conform\u00e9ment \u00e0 l&rsquo;article 113-15-2 du Code des assurances, je b\u00e9n\u00e9ficie du droit \u00e0 la r\u00e9siliation de mon contrat d&rsquo;assurance sans avoir \u00e0 vous communiquer les raisons de cette d\u00e9cision. <\/li>\n<\/ul>\n<h3 id=\"question-4\"><span class=\"ez-toc-section\" id=\"Quelle_est_la_periode_de_resiliation_de_votre_assurance\"><\/span>Quelle est la p\u00e9riode de r\u00e9siliation de votre assurance?<span class=\"ez-toc-section-end\"><\/span><\/h3>\n<ul>\n<li>Un pr\u00e9avis d\u00e9signe une p\u00e9riode \u00e0 respecter pour effectuer vos d\u00e9marches de r\u00e9siliation avant la date d&rsquo;\u00e9ch\u00e9ance. C\u2019est au cours de ce d\u00e9lai que vous devrez envoyer votre courrier de r\u00e9siliation. Sa dur\u00e9e varie selon le type de contrat que vous souhaitez arr\u00eater. Voici les pr\u00e9avis \u00e0 suivre pour chaque assurance : <\/li>\n<\/ul>\n<h3 id=\"question-5\"><span class=\"ez-toc-section\" id=\"Quelle_lettre_de_resiliation_de_contrat_dassurance_doit_etre_envoyee_en_recommande\"><\/span>Quelle lettre de r\u00e9siliation de contrat d&#39;assurance doit \u00eatre envoy\u00e9e en recommand\u00e9?<span class=\"ez-toc-section-end\"><\/span><\/h3>\n<ul>\n<li>Votre lettre de r\u00e9siliation de contrat d&rsquo;assurance doit \u00eatre envoy\u00e9e en recommand\u00e9 avec demande d&rsquo;avis de r\u00e9ception. <\/li>\n<\/ul>\n","protected":false},"excerpt":{"rendered":"<p>Quel est le d\u00e9lai pour r\u00e9silier un contrat d&rsquo;assurance ? La loi pr\u00e9voit pour l&rsquo;assur\u00e9, comme pour l&rsquo;assureur, la possibilit\u00e9 de r\u00e9silier le contrat d&rsquo;assurance chaque ann\u00e9e. Dans le cadre de la r\u00e9siliation annuelle, l&rsquo;assur\u00e9 doit pr\u00e9venir l&rsquo;assureur au moins deux mois avant la date d&rsquo;\u00e9ch\u00e9ance. Lorsque ce d\u00e9lai n&rsquo;est<\/p>\n","protected":false},"author":1,"featured_media":357,"comment_status":"closed","ping_status":"closed","sticky":false,"template":"","format":"standard","meta":{"_seopress_robots_primary_cat":"","_seopress_titles_title":"","_seopress_titles_desc":"","_seopress_robots_index":"","footnotes":""},"categories":[8],"tags":[],"class_list":["post-933","post","type-post","status-publish","format-standard","has-post-thumbnail","hentry","category-prevoyance"],"_links":{"self":[{"href":"http:\/\/www.mutuelle-mat.fr\/blog\/wp-json\/wp\/v2\/posts\/933","targetHints":{"allow":["GET"]}}],"collection":[{"href":"http:\/\/www.mutuelle-mat.fr\/blog\/wp-json\/wp\/v2\/posts"}],"about":[{"href":"http:\/\/www.mutuelle-mat.fr\/blog\/wp-json\/wp\/v2\/types\/post"}],"author":[{"embeddable":true,"href":"http:\/\/www.mutuelle-mat.fr\/blog\/wp-json\/wp\/v2\/users\/1"}],"replies":[{"embeddable":true,"href":"http:\/\/www.mutuelle-mat.fr\/blog\/wp-json\/wp\/v2\/comments?post=933"}],"version-history":[{"count":0,"href":"http:\/\/www.mutuelle-mat.fr\/blog\/wp-json\/wp\/v2\/posts\/933\/revisions"}],"wp:featuredmedia":[{"embeddable":true,"href":"http:\/\/www.mutuelle-mat.fr\/blog\/wp-json\/wp\/v2\/media\/357"}],"wp:attachment":[{"href":"http:\/\/www.mutuelle-mat.fr\/blog\/wp-json\/wp\/v2\/media?parent=933"}],"wp:term":[{"taxonomy":"category","embeddable":true,"href":"http:\/\/www.mutuelle-mat.fr\/blog\/wp-json\/wp\/v2\/categories?post=933"},{"taxonomy":"post_tag","embeddable":true,"href":"http:\/\/www.mutuelle-mat.fr\/blog\/wp-json\/wp\/v2\/tags?post=933"}],"curies":[{"name":"wp","href":"https:\/\/api.w.org\/{rel}","templated":true}]}}