{"id":925,"date":"2025-09-29T08:57:26","date_gmt":"2025-09-29T08:57:26","guid":{"rendered":"http:\/\/www.mutuelle-mat.fr\/blog\/quelle-assurance-pour-perte-dautonomie\/925.html"},"modified":"2025-09-29T08:57:26","modified_gmt":"2025-09-29T08:57:26","slug":"quelle-assurance-pour-perte-dautonomie","status":"publish","type":"post","link":"http:\/\/www.mutuelle-mat.fr\/blog\/quelle-assurance-pour-perte-dautonomie\/925.html","title":{"rendered":"Quelle assurance pour perte d&rsquo;autonomie ?"},"content":{"rendered":"<p>                                        <img decoding=\"async\" src=\"https:\/\/i.ytimg.com\/vi\/WtqRoJSul1A\/hq720.jpg?sqp=-oaymwEcCOgCEMoBSFXyq4qpAw4IARUAAIhCGAFwAcABBg==&#038;rs=AOn4CLAp6OLcpv1JZPOjRvK3JdK4KFIrLg\" alt=\"Quelle assurance pour perte d'autonomie ?\"><\/p>\n<div id=\"ez-toc-container\" class=\"ez-toc-v2_0_82_2 counter-hierarchy ez-toc-counter ez-toc-grey ez-toc-container-direction\">\n<p class=\"ez-toc-title\" style=\"cursor:inherit\">Sommaires<\/p>\n<label for=\"ez-toc-cssicon-toggle-item-6a979b1a02bbf\" class=\"ez-toc-cssicon-toggle-label\"><span class=\"ez-toc-cssicon\"><span class=\"eztoc-hide\" style=\"display:none;\">Toggle<\/span><span class=\"ez-toc-icon-toggle-span\"><svg style=\"fill: #999;color:#999\" xmlns=\"http:\/\/www.w3.org\/2000\/svg\" class=\"list-377408\" width=\"20px\" height=\"20px\" viewBox=\"0 0 24 24\" fill=\"none\"><path d=\"M6 6H4v2h2V6zm14 0H8v2h12V6zM4 11h2v2H4v-2zm16 0H8v2h12v-2zM4 16h2v2H4v-2zm16 0H8v2h12v-2z\" fill=\"currentColor\"><\/path><\/svg><svg style=\"fill: #999;color:#999\" class=\"arrow-unsorted-368013\" xmlns=\"http:\/\/www.w3.org\/2000\/svg\" width=\"10px\" height=\"10px\" viewBox=\"0 0 24 24\" version=\"1.2\" baseProfile=\"tiny\"><path d=\"M18.2 9.3l-6.2-6.3-6.2 6.3c-.2.2-.3.4-.3.7s.1.5.3.7c.2.2.4.3.7.3h11c.3 0 .5-.1.7-.3.2-.2.3-.5.3-.7s-.1-.5-.3-.7zM5.8 14.7l6.2 6.3 6.2-6.3c.2-.2.3-.5.3-.7s-.1-.5-.3-.7c-.2-.2-.4-.3-.7-.3h-11c-.3 0-.5.1-.7.3-.2.2-.3.5-.3.7s.1.5.3.7z\"\/><\/svg><\/span><\/span><\/label><input type=\"checkbox\"  id=\"ez-toc-cssicon-toggle-item-6a979b1a02bbf\"  aria-label=\"Toggle\" \/><nav><ul class='ez-toc-list ez-toc-list-level-1 ' ><li class='ez-toc-page-1 ez-toc-heading-level-3'><a class=\"ez-toc-link ez-toc-heading-1\" href=\"http:\/\/www.mutuelle-mat.fr\/blog\/quelle-assurance-pour-perte-dautonomie\/925.html\/#Quelle_assurance_pour_perte_dautonomie\" >Quelle assurance pour perte d&rsquo;autonomie ?<\/a><\/li><li class='ez-toc-page-1 ez-toc-heading-level-3'><a class=\"ez-toc-link ez-toc-heading-2\" href=\"http:\/\/www.mutuelle-mat.fr\/blog\/quelle-assurance-pour-perte-dautonomie\/925.html\/#Pourquoi_souscrire_une_assurance_dependance\" >Pourquoi souscrire une assurance d\u00e9pendance ?<\/a><\/li><li class='ez-toc-page-1 ez-toc-heading-level-3'><a class=\"ez-toc-link ez-toc-heading-3\" href=\"http:\/\/www.mutuelle-mat.fr\/blog\/quelle-assurance-pour-perte-dautonomie\/925.html\/#Cest_quoi_lassurance_dependance\" >C&rsquo;est quoi l&rsquo;assurance d\u00e9pendance ?<\/a><\/li><li class='ez-toc-page-1 ez-toc-heading-level-3'><a class=\"ez-toc-link ez-toc-heading-4\" href=\"http:\/\/www.mutuelle-mat.fr\/blog\/quelle-assurance-pour-perte-dautonomie\/925.html\/#Qui_prend_en_charge_la_dependance\" >Qui prend en charge la d\u00e9pendance ?<\/a><\/li><li class='ez-toc-page-1 ez-toc-heading-level-3'><a class=\"ez-toc-link ez-toc-heading-5\" href=\"http:\/\/www.mutuelle-mat.fr\/blog\/quelle-assurance-pour-perte-dautonomie\/925.html\/#Quelles_regles_sappliquent_au_contrat_labellise_Gad_de_la_FFA\" >Quelles r\u00e8gles s&rsquo;appliquent au contrat labellis\u00e9 Gad de la FFA ?<\/a><\/li><li class='ez-toc-page-1 ez-toc-heading-level-3'><a class=\"ez-toc-link ez-toc-heading-6\" href=\"http:\/\/www.mutuelle-mat.fr\/blog\/quelle-assurance-pour-perte-dautonomie\/925.html\/#Quels_sont_les_avantages_de_lassurance_retraite\" >Quels sont les avantages de l&rsquo;assurance retraite ?<\/a><\/li><li class='ez-toc-page-1 ez-toc-heading-level-3'><a class=\"ez-toc-link ez-toc-heading-7\" href=\"http:\/\/www.mutuelle-mat.fr\/blog\/quelle-assurance-pour-perte-dautonomie\/925.html\/#Quelle_est_la_cotisation_moyenne_annuelle_pour_un_contrat_de_dependance\" >Quelle est la cotisation moyenne annuelle pour un contrat de d\u00e9pendance ?<\/a><\/li><li class='ez-toc-page-1 ez-toc-heading-level-3'><a class=\"ez-toc-link ez-toc-heading-8\" href=\"http:\/\/www.mutuelle-mat.fr\/blog\/quelle-assurance-pour-perte-dautonomie\/925.html\/#Quest-ce_quune_dependance_dune_maison\" >Qu&rsquo;est-ce qu&rsquo;une d\u00e9pendance d&rsquo;une maison ?<\/a><\/li><li class='ez-toc-page-1 ez-toc-heading-level-3'><a class=\"ez-toc-link ez-toc-heading-9\" href=\"http:\/\/www.mutuelle-mat.fr\/blog\/quelle-assurance-pour-perte-dautonomie\/925.html\/#Quelle_est_lassurance_dependance_et_perte_dautonomie\" >Quelle est l\u2019assurance d\u00e9pendance et perte d\u2019autonomie?<\/a><\/li><li class='ez-toc-page-1 ez-toc-heading-level-3'><a class=\"ez-toc-link ez-toc-heading-10\" href=\"http:\/\/www.mutuelle-mat.fr\/blog\/quelle-assurance-pour-perte-dautonomie\/925.html\/#Comment_declarer_une_perte_dautonomie\" >Comment d\u00e9clarer une perte d&#39;autonomie?<\/a><\/li><li class='ez-toc-page-1 ez-toc-heading-level-3'><a class=\"ez-toc-link ez-toc-heading-11\" href=\"http:\/\/www.mutuelle-mat.fr\/blog\/quelle-assurance-pour-perte-dautonomie\/925.html\/#Quelle_est_la_garantie_dependance_et_perte_dautonomie\" >Quelle est la garantie d\u00e9pendance et perte d\u2019autonomie?<\/a><\/li><li class='ez-toc-page-1 ez-toc-heading-level-3'><a class=\"ez-toc-link ez-toc-heading-12\" href=\"http:\/\/www.mutuelle-mat.fr\/blog\/quelle-assurance-pour-perte-dautonomie\/925.html\/#Quel_est_le_contrat_assurance_perte_autonomie\" >Quel est le contrat assurance perte autonomie?<\/a><\/li><\/ul><\/nav><\/div>\n<h3 id=\"question-0\"><span class=\"ez-toc-section\" id=\"Quelle_assurance_pour_perte_dautonomie\"><\/span>Quelle assurance pour perte d&rsquo;autonomie ?<span class=\"ez-toc-section-end\"><\/span><\/h3>\n<p>Une assurance d\u00e9pendance couvre soit la perte d&rsquo;autonomie totale, soit la d\u00e9pendance totale et partielle. En fonction du niveau de d\u00e9pendance constat\u00e9 (totale, lourde ou partielle), les garanties diff\u00e8rent.<\/p>\n<h3 id=\"question-1\"><span class=\"ez-toc-section\" id=\"Pourquoi_souscrire_une_assurance_dependance\"><\/span>Pourquoi souscrire une assurance d\u00e9pendance ?<span class=\"ez-toc-section-end\"><\/span><\/h3>\n<p>Le nombre et le co\u00fbt de prise en charge des personnes d\u00e9pendantes devraient cro\u00eetre de fa\u00e7on constante dans les prochaines ann\u00e9es. Une assurance d\u00e9pendance vous permettra de faire face \u00e0 la perte d&rsquo;autonomie et d&rsquo;en anticiper les cons\u00e9quences financi\u00e8res, pour vous et pour vos proches.<\/p>\n<\/p>\n<h3 id=\"question-2\"><span class=\"ez-toc-section\" id=\"Cest_quoi_lassurance_dependance\"><\/span>C&rsquo;est quoi l&rsquo;assurance d\u00e9pendance ?<span class=\"ez-toc-section-end\"><\/span><\/h3>\n<p>La d\u00e9pendance est la garantie principale des contrats de pr\u00e9voyance. Si l&rsquo;assur\u00e9 devient d\u00e9pendant, il per\u00e7oit la prestation pr\u00e9vue, soit sous forme de rente mensuelle, soit sous forme de capital. Le versement de la prestation est, le plus souvent, accompagn\u00e9 de services d&rsquo;assistance.<\/p>\n<h3 id=\"question-3\"><span class=\"ez-toc-section\" id=\"Qui_prend_en_charge_la_dependance\"><\/span>Qui prend en charge la d\u00e9pendance ?<span class=\"ez-toc-section-end\"><\/span><\/h3>\n<p>La S\u00e9curit\u00e9 sociale, en particulier l&rsquo;assurance maladie, est le principal financeur des politiques du handicap et de la d\u00e9pendance avec la prise en charge de presque la moiti\u00e9 (46% en 2013) des d\u00e9penses totales.<\/p>\n<h3 id=\"question-4\"><span class=\"ez-toc-section\" id=\"Quelles_regles_sappliquent_au_contrat_labellise_Gad_de_la_FFA\"><\/span>Quelles r\u00e8gles s&rsquo;appliquent au contrat labellis\u00e9 Gad de la FFA ?<span class=\"ez-toc-section-end\"><\/span><\/h3>\n<p>Les 9 crit\u00e8res respect\u00e9s par les contrats labellis\u00e9s GAD l&rsquo;utilisation d&rsquo;un vocabulaire permettant une grande clart\u00e9 des garanties. la d\u00e9finition unitaire de la \u00ab\u00a0d\u00e9pendance lourde\u00a0\u00bb par la grille AVQ (Actes \u00e9l\u00e9mentaires de la Vie Quotidienne) &#8230; une information annuelle du montant des cotisations et des garanties.<\/p>\n<\/p>\n<h3 id=\"question-5\"><span class=\"ez-toc-section\" id=\"Quels_sont_les_avantages_de_lassurance_retraite\"><\/span>Quels sont les avantages de l&rsquo;assurance retraite ?<span class=\"ez-toc-section-end\"><\/span><\/h3>\n<p>Pour pr\u00e9parer votre retraite, l&rsquo;assurance vie offre de nombreux avantages : grand choix de placement, exon\u00e9ration d&rsquo;imp\u00f4t, choix de r\u00e9cup\u00e9rer un capital ou une rente, au moment de la retraite, transmission d&rsquo;une partie du capital \u00e0 la personne de votre choix (enfants, conjoint\u2026)<\/p>\n<h3 id=\"question-6\"><span class=\"ez-toc-section\" id=\"Quelle_est_la_cotisation_moyenne_annuelle_pour_un_contrat_de_dependance\"><\/span>Quelle est la cotisation moyenne annuelle pour un contrat de d\u00e9pendance ?<span class=\"ez-toc-section-end\"><\/span><\/h3>\n<p>La cotisation annuelle moyenne en 2017 \u00e9tait de 457 euros pour une rente mensuelle de 598 euros.<\/p>\n<h3 id=\"question-7\"><span class=\"ez-toc-section\" id=\"Quest-ce_quune_dependance_dune_maison\"><\/span>Qu&rsquo;est-ce qu&rsquo;une d\u00e9pendance d&rsquo;une maison ?<span class=\"ez-toc-section-end\"><\/span><\/h3>\n<p>La d\u00e9pendance se d\u00e9finit principalement par son usage utilitaire, par exemple un abri de jardin isol\u00e9 du reste du logement et dans lequel vous stockez du mat\u00e9riel ou des v\u00e9los. Il doit \u00eatre situ\u00e9 \u00e0 la m\u00eame adresse que l&rsquo;habitation, et donc sur le terrain du logement assur\u00e9, m\u00eame s&rsquo;il n&rsquo;est pas toujours attenant.<\/p>\n<\/p>\n<h3 id=\"question-8\"><span class=\"ez-toc-section\" id=\"Quelle_est_lassurance_dependance_et_perte_dautonomie\"><\/span>Quelle est l\u2019assurance d\u00e9pendance et perte d\u2019autonomie?<span class=\"ez-toc-section-end\"><\/span><\/h3>\n<ul>\n<li>Acte de pr\u00e9voyance par excellence, l\u2019 assurance d\u00e9pendance et perte d\u2019autonomie vous prot\u00e8ge en cas de perte d\u2019autonomie, en vous garantissant le versement d\u2019une rente ou d\u2019un capital. Elle est souvent \u00e9galement assortie de services d\u2019assistance. <\/li>\n<\/ul>\n<h3 id=\"question-9\"><span class=\"ez-toc-section\" id=\"Comment_declarer_une_perte_dautonomie\"><\/span>Comment d\u00e9clarer une perte d&#39;autonomie?<span class=\"ez-toc-section-end\"><\/span><\/h3>\n<ul>\n<li>A savoir : l&rsquo;application mobile \u00ab\u00a0Groupama et moi\u00a0\u00bb vous permet d&rsquo;entrer en relation directe avec le service d&rsquo;assistance. Votre conseiller en agence Groupama si vous souhaitez d\u00e9clarer une perte d\u2019autonomie. Il vous guidera pour remplir la \u00ab\u00a0D\u00e9claration Administrative de Perte d&rsquo;Autonomie\u00a0\u00bb remise avec le dossier de souscription. <\/li>\n<\/ul>\n<h3 id=\"question-10\"><span class=\"ez-toc-section\" id=\"Quelle_est_la_garantie_dependance_et_perte_dautonomie\"><\/span>Quelle est la garantie d\u00e9pendance et perte d\u2019autonomie?<span class=\"ez-toc-section-end\"><\/span><\/h3>\n<ul>\n<li>\u00c0 l\u2019instar des autres contrats de pr\u00e9voyance ( garantie obs\u00e8ques, assurance d\u00e9c\u00e8s \u2026), la garantie d\u00e9pendance et perte d\u2019autonomie suppose que l\u2019assur\u00e9 r\u00e8gle \u00e0 \u00e9ch\u00e9ance r\u00e9guli\u00e8re des cotisations \u00e0 l\u2019organisme d\u2019assurance. <\/li>\n<\/ul>\n<h3 id=\"question-11\"><span class=\"ez-toc-section\" id=\"Quel_est_le_contrat_assurance_perte_autonomie\"><\/span>Quel est le contrat assurance perte autonomie?<span class=\"ez-toc-section-end\"><\/span><\/h3>\n<ul>\n<li>Le contrat assurance perte autonomie peut \u00eatre souscrit jusqu&rsquo;\u00e0 l\u2019\u00e2ge de 70 ans environ. Pass\u00e9s 77 ans, les assureurs ne proposent g\u00e9n\u00e9ralement plus d\u2019adh\u00e9rer \u00e0 cette garantie. <\/li>\n<\/ul>\n","protected":false},"excerpt":{"rendered":"<p>Quelle assurance pour perte d&rsquo;autonomie ? Une assurance d\u00e9pendance couvre soit la perte d&rsquo;autonomie totale, soit la d\u00e9pendance totale et partielle. En fonction du niveau de d\u00e9pendance constat\u00e9 (totale, lourde ou partielle), les garanties diff\u00e8rent. Pourquoi souscrire une assurance d\u00e9pendance ? Le nombre et le co\u00fbt de prise en charge<\/p>\n","protected":false},"author":1,"featured_media":926,"comment_status":"closed","ping_status":"closed","sticky":false,"template":"","format":"standard","meta":{"_seopress_robots_primary_cat":"","_seopress_titles_title":"","_seopress_titles_desc":"","_seopress_robots_index":"","footnotes":""},"categories":[8],"tags":[],"class_list":["post-925","post","type-post","status-publish","format-standard","has-post-thumbnail","hentry","category-prevoyance"],"_links":{"self":[{"href":"http:\/\/www.mutuelle-mat.fr\/blog\/wp-json\/wp\/v2\/posts\/925","targetHints":{"allow":["GET"]}}],"collection":[{"href":"http:\/\/www.mutuelle-mat.fr\/blog\/wp-json\/wp\/v2\/posts"}],"about":[{"href":"http:\/\/www.mutuelle-mat.fr\/blog\/wp-json\/wp\/v2\/types\/post"}],"author":[{"embeddable":true,"href":"http:\/\/www.mutuelle-mat.fr\/blog\/wp-json\/wp\/v2\/users\/1"}],"replies":[{"embeddable":true,"href":"http:\/\/www.mutuelle-mat.fr\/blog\/wp-json\/wp\/v2\/comments?post=925"}],"version-history":[{"count":0,"href":"http:\/\/www.mutuelle-mat.fr\/blog\/wp-json\/wp\/v2\/posts\/925\/revisions"}],"wp:featuredmedia":[{"embeddable":true,"href":"http:\/\/www.mutuelle-mat.fr\/blog\/wp-json\/wp\/v2\/media\/926"}],"wp:attachment":[{"href":"http:\/\/www.mutuelle-mat.fr\/blog\/wp-json\/wp\/v2\/media?parent=925"}],"wp:term":[{"taxonomy":"category","embeddable":true,"href":"http:\/\/www.mutuelle-mat.fr\/blog\/wp-json\/wp\/v2\/categories?post=925"},{"taxonomy":"post_tag","embeddable":true,"href":"http:\/\/www.mutuelle-mat.fr\/blog\/wp-json\/wp\/v2\/tags?post=925"}],"curies":[{"name":"wp","href":"https:\/\/api.w.org\/{rel}","templated":true}]}}