{"id":922,"date":"2025-09-29T02:53:33","date_gmt":"2025-09-29T02:53:33","guid":{"rendered":"http:\/\/www.mutuelle-mat.fr\/blog\/quand-peut-on-resilier-une-assurance-deces\/922.html"},"modified":"2025-09-29T02:53:33","modified_gmt":"2025-09-29T02:53:33","slug":"quand-peut-on-resilier-une-assurance-deces","status":"publish","type":"post","link":"http:\/\/www.mutuelle-mat.fr\/blog\/quand-peut-on-resilier-une-assurance-deces\/922.html","title":{"rendered":"Quand Peut-on resilier une assurance d\u00e9c\u00e8s ?"},"content":{"rendered":"<p>                                        <img decoding=\"async\" src=\"https:\/\/i.ytimg.com\/vi\/pRPfo30wMCw\/hq720.jpg?sqp=-oaymwEcCOgCEMoBSFXyq4qpAw4IARUAAIhCGAFwAcABBg==&#038;rs=AOn4CLA6Yb0vXe-1UDpyouWFUo2QOHel2g\" alt=\"Quand Peut-on resilier une assurance d\u00e9c\u00e8s ?\"><\/p>\n<div id=\"ez-toc-container\" class=\"ez-toc-v2_0_82_2 counter-hierarchy ez-toc-counter ez-toc-grey ez-toc-container-direction\">\n<p class=\"ez-toc-title\" style=\"cursor:inherit\">Sommaires<\/p>\n<label for=\"ez-toc-cssicon-toggle-item-6a97ab6bce7bf\" class=\"ez-toc-cssicon-toggle-label\"><span class=\"ez-toc-cssicon\"><span class=\"eztoc-hide\" style=\"display:none;\">Toggle<\/span><span class=\"ez-toc-icon-toggle-span\"><svg style=\"fill: #999;color:#999\" xmlns=\"http:\/\/www.w3.org\/2000\/svg\" class=\"list-377408\" width=\"20px\" height=\"20px\" viewBox=\"0 0 24 24\" fill=\"none\"><path d=\"M6 6H4v2h2V6zm14 0H8v2h12V6zM4 11h2v2H4v-2zm16 0H8v2h12v-2zM4 16h2v2H4v-2zm16 0H8v2h12v-2z\" fill=\"currentColor\"><\/path><\/svg><svg style=\"fill: #999;color:#999\" class=\"arrow-unsorted-368013\" xmlns=\"http:\/\/www.w3.org\/2000\/svg\" width=\"10px\" height=\"10px\" viewBox=\"0 0 24 24\" version=\"1.2\" baseProfile=\"tiny\"><path d=\"M18.2 9.3l-6.2-6.3-6.2 6.3c-.2.2-.3.4-.3.7s.1.5.3.7c.2.2.4.3.7.3h11c.3 0 .5-.1.7-.3.2-.2.3-.5.3-.7s-.1-.5-.3-.7zM5.8 14.7l6.2 6.3 6.2-6.3c.2-.2.3-.5.3-.7s-.1-.5-.3-.7c-.2-.2-.4-.3-.7-.3h-11c-.3 0-.5.1-.7.3-.2.2-.3.5-.3.7s.1.5.3.7z\"\/><\/svg><\/span><\/span><\/label><input type=\"checkbox\"  id=\"ez-toc-cssicon-toggle-item-6a97ab6bce7bf\"  aria-label=\"Toggle\" \/><nav><ul class='ez-toc-list ez-toc-list-level-1 ' ><li class='ez-toc-page-1 ez-toc-heading-level-3'><a class=\"ez-toc-link ez-toc-heading-1\" href=\"http:\/\/www.mutuelle-mat.fr\/blog\/quand-peut-on-resilier-une-assurance-deces\/922.html\/#Quand_Peut-on_resilier_une_assurance_deces\" >Quand Peut-on resilier une assurance d\u00e9c\u00e8s ?<\/a><\/li><li class='ez-toc-page-1 ez-toc-heading-level-3'><a class=\"ez-toc-link ez-toc-heading-2\" href=\"http:\/\/www.mutuelle-mat.fr\/blog\/quand-peut-on-resilier-une-assurance-deces\/922.html\/#Comment_resilier_contrat_assurance_deces\" >Comment r\u00e9silier contrat assurance d\u00e9c\u00e8s ?<\/a><\/li><li class='ez-toc-page-1 ez-toc-heading-level-3'><a class=\"ez-toc-link ez-toc-heading-3\" href=\"http:\/\/www.mutuelle-mat.fr\/blog\/quand-peut-on-resilier-une-assurance-deces\/922.html\/#Quel_contrat_est_un_contrat_a_fond_perdu\" >Quel contrat est un contrat \u00e0 fond perdu ?<\/a><\/li><li class='ez-toc-page-1 ez-toc-heading-level-3'><a class=\"ez-toc-link ez-toc-heading-4\" href=\"http:\/\/www.mutuelle-mat.fr\/blog\/quand-peut-on-resilier-une-assurance-deces\/922.html\/#Qui_peut_beneficier_de_la_loi_Chatel\" >Qui peut b\u00e9n\u00e9ficier de la loi Chatel ?<\/a><\/li><li class='ez-toc-page-1 ez-toc-heading-level-3'><a class=\"ez-toc-link ez-toc-heading-5\" href=\"http:\/\/www.mutuelle-mat.fr\/blog\/quand-peut-on-resilier-une-assurance-deces\/922.html\/#Quel_contrat_Peut-on_resilier_en_loi_Chatel\" >Quel contrat Peut-on r\u00e9silier en loi Chatel ?<\/a><\/li><li class='ez-toc-page-1 ez-toc-heading-level-3'><a class=\"ez-toc-link ez-toc-heading-6\" href=\"http:\/\/www.mutuelle-mat.fr\/blog\/quand-peut-on-resilier-une-assurance-deces\/922.html\/#Comment_resilier_une_assurance_temporaire_de_Deces\" >Comment r\u00e9silier une assurance temporaire de D\u00e9c\u00e8s?<\/a><\/li><li class='ez-toc-page-1 ez-toc-heading-level-3'><a class=\"ez-toc-link ez-toc-heading-7\" href=\"http:\/\/www.mutuelle-mat.fr\/blog\/quand-peut-on-resilier-une-assurance-deces\/922.html\/#Quelle_est_la_resiliation_dune_assurance_deces\" >Quelle est la r\u00e9siliation d\u2019une assurance d\u00e9c\u00e8s?<\/a><\/li><li class='ez-toc-page-1 ez-toc-heading-level-3'><a class=\"ez-toc-link ez-toc-heading-8\" href=\"http:\/\/www.mutuelle-mat.fr\/blog\/quand-peut-on-resilier-une-assurance-deces\/922.html\/#Quel_est_le_delai_de_remboursement_de_lassurance_deces\" >Quel est le d\u00e9lai de remboursement de l\u2019assurance d\u00e9c\u00e8s?<\/a><\/li><li class='ez-toc-page-1 ez-toc-heading-level-3'><a class=\"ez-toc-link ez-toc-heading-9\" href=\"http:\/\/www.mutuelle-mat.fr\/blog\/quand-peut-on-resilier-une-assurance-deces\/922.html\/#Quelle_est_lassurance_deces\" >Quelle est l\u2019assurance d\u00e9c\u00e8s?<\/a><\/li><\/ul><\/nav><\/div>\n<h3 id=\"question-0\"><span class=\"ez-toc-section\" id=\"Quand_Peut-on_resilier_une_assurance_deces\"><\/span>Quand Peut-on resilier une assurance d\u00e9c\u00e8s ?<span class=\"ez-toc-section-end\"><\/span><\/h3>\n<p>En ce qui concerne l&rsquo;assurance d\u00e9c\u00e8s, le d\u00e9lai de renonciation est fix\u00e9 \u00e0 30 jours, une dur\u00e9e plus longue que pour les contrats d&rsquo;assurance habitation et auto.<\/p>\n<h3 id=\"question-1\"><span class=\"ez-toc-section\" id=\"Comment_resilier_contrat_assurance_deces\"><\/span>Comment r\u00e9silier contrat assurance d\u00e9c\u00e8s ?<span class=\"ez-toc-section-end\"><\/span><\/h3>\n<p>Les contrats d&rsquo;assurance d\u00e9c\u00e8s ont en g\u00e9n\u00e9ral une dur\u00e9e de 1 an et sont \u00e0 reconduction tacite. Pour les r\u00e9silier, vous devez envoyer un courrier recommand\u00e9 avec accus\u00e9 de r\u00e9ception 2 mois avant la date d&rsquo;\u00e9ch\u00e9ance du contrat, le cachet de la Poste faisant foi.<\/p>\n<\/p>\n<h3 id=\"question-2\"><span class=\"ez-toc-section\" id=\"Quel_contrat_est_un_contrat_a_fond_perdu\"><\/span>Quel contrat est un contrat \u00e0 fond perdu ?<span class=\"ez-toc-section-end\"><\/span><\/h3>\n<p>Une assurance \u00e0 fond perdu est une forme d&rsquo;assurance d\u00e9c\u00e8s ou de contrat de pr\u00e9voyance. Une assurance d\u00e9c\u00e8s est dite \u00e0 fond perdu lorsque, \u00e0 \u00e9ch\u00e9ance du contrat, il n&rsquo;y a pas d\u00e9c\u00e8s de l&rsquo;assur\u00e9. Ainsi, les contributions vers\u00e9es sont acquises par l&rsquo;assureur.<\/p>\n<h3 id=\"question-3\"><span class=\"ez-toc-section\" id=\"Qui_peut_beneficier_de_la_loi_Chatel\"><\/span>Qui peut b\u00e9n\u00e9ficier de la loi Chatel ?<span class=\"ez-toc-section-end\"><\/span><\/h3>\n<p>Attention : la loi Chatel ne s&rsquo;applique ni aux contrats groupe (collectifs), ni aux assurances d\u00e9c\u00e8s, ni aux assurances vie. Elle concerne uniquement les contrats \u00e0 tacite reconduction souscrits par des personnes physiques, et ce en dehors de leurs activit\u00e9s professionnelles.<\/p>\n<h3 id=\"question-4\"><span class=\"ez-toc-section\" id=\"Quel_contrat_Peut-on_resilier_en_loi_Chatel\"><\/span>Quel contrat Peut-on r\u00e9silier en loi Chatel ?<span class=\"ez-toc-section-end\"><\/span><\/h3>\n<p>La loi Chatel permet de r\u00e9silier plus facilement un contrat tacitement reconductible, dans le cadre d&rsquo;une prestation de services (et pas de vente de biens). Elle impose de pr\u00e9venir par \u00e9crit le consommateur de la prochaine reconduction de son contrat.<\/p>\n<\/p>\n<h3 id=\"question-5\"><span class=\"ez-toc-section\" id=\"Comment_resilier_une_assurance_temporaire_de_Deces\"><\/span>Comment r\u00e9silier une assurance temporaire de D\u00e9c\u00e8s?<span class=\"ez-toc-section-end\"><\/span><\/h3>\n<ul>\n<li>Il s\u2019agit de savoir qu\u2019une assurance temporaire d\u00e9c\u00e8s sera automatiquement r\u00e9sili\u00e9e de plein droit au jour de la date de fin fix\u00e9e \u00e0 la souscription, par exemple le jour du 75 \u00e8me anniversaire de son souscripteur. <\/li>\n<\/ul>\n<h3 id=\"question-6\"><span class=\"ez-toc-section\" id=\"Quelle_est_la_resiliation_dune_assurance_deces\"><\/span>Quelle est la r\u00e9siliation d\u2019une assurance d\u00e9c\u00e8s?<span class=\"ez-toc-section-end\"><\/span><\/h3>\n<ul>\n<li>Le plus souvent, la r\u00e9siliation d\u2019une assurance d\u00e9c\u00e8s correspond \u00e0 un moment de vie particulier. Les cas fr\u00e9quents sont des difficult\u00e9s financi\u00e8res, un d\u00e9m\u00e9nagement, un changement de situation familiale, un changement de profession, un d\u00e9part \u00e0 la retraite. 4. Que deviennent les primes apr\u00e8s la r\u00e9siliation ? <\/li>\n<\/ul>\n<h3 id=\"question-7\"><span class=\"ez-toc-section\" id=\"Quel_est_le_delai_de_remboursement_de_lassurance_deces\"><\/span>Quel est le d\u00e9lai de remboursement de l\u2019assurance d\u00e9c\u00e8s?<span class=\"ez-toc-section-end\"><\/span><\/h3>\n<ul>\n<li>Sachez que vous disposez d\u2019un d\u00e9lai de renonciation de 30 jours, \u00e0 partir de la signature du contrat d\u2019assurance d\u00e9c\u00e8s. Vous devez demander la r\u00e9tractation par lettre recommand\u00e9e avec accus\u00e9 de r\u00e9ception. La compagnie remboursera les sommes per\u00e7ues, en d\u00e9duisant la p\u00e9riode de couverture de l\u2019assurance d\u00e9c\u00e8s. 3. <\/li>\n<\/ul>\n<h3 id=\"question-8\"><span class=\"ez-toc-section\" id=\"Quelle_est_lassurance_deces\"><\/span>Quelle est l\u2019assurance d\u00e9c\u00e8s?<span class=\"ez-toc-section-end\"><\/span><\/h3>\n<ul>\n<li>L\u2019assurance d\u00e9c\u00e8s a pour but de garantir \u00e0 sa famille ou toute personne de son choix un capital apr\u00e8s sa mort. Elle permet en cas de d\u00e9c\u00e8s par maladie ou accident de ne pas les laisser dans une situation de pr\u00e9carit\u00e9 et leur assure le versement d\u2019une somme qui a \u00e9t\u00e9 d\u00e9termin\u00e9e par contrat et dont le montant n\u2019est pas li\u00e9 \u00e0 une dur\u00e9e de cotisation. <\/li>\n<\/ul>\n","protected":false},"excerpt":{"rendered":"<p>Quand Peut-on resilier une assurance d\u00e9c\u00e8s ? En ce qui concerne l&rsquo;assurance d\u00e9c\u00e8s, le d\u00e9lai de renonciation est fix\u00e9 \u00e0 30 jours, une dur\u00e9e plus longue que pour les contrats d&rsquo;assurance habitation et auto. Comment r\u00e9silier contrat assurance d\u00e9c\u00e8s ? Les contrats d&rsquo;assurance d\u00e9c\u00e8s ont en g\u00e9n\u00e9ral une dur\u00e9e de<\/p>\n","protected":false},"author":1,"featured_media":923,"comment_status":"closed","ping_status":"closed","sticky":false,"template":"","format":"standard","meta":{"_seopress_robots_primary_cat":"","_seopress_titles_title":"","_seopress_titles_desc":"","_seopress_robots_index":"","footnotes":""},"categories":[8],"tags":[],"class_list":["post-922","post","type-post","status-publish","format-standard","has-post-thumbnail","hentry","category-prevoyance"],"_links":{"self":[{"href":"http:\/\/www.mutuelle-mat.fr\/blog\/wp-json\/wp\/v2\/posts\/922","targetHints":{"allow":["GET"]}}],"collection":[{"href":"http:\/\/www.mutuelle-mat.fr\/blog\/wp-json\/wp\/v2\/posts"}],"about":[{"href":"http:\/\/www.mutuelle-mat.fr\/blog\/wp-json\/wp\/v2\/types\/post"}],"author":[{"embeddable":true,"href":"http:\/\/www.mutuelle-mat.fr\/blog\/wp-json\/wp\/v2\/users\/1"}],"replies":[{"embeddable":true,"href":"http:\/\/www.mutuelle-mat.fr\/blog\/wp-json\/wp\/v2\/comments?post=922"}],"version-history":[{"count":0,"href":"http:\/\/www.mutuelle-mat.fr\/blog\/wp-json\/wp\/v2\/posts\/922\/revisions"}],"wp:featuredmedia":[{"embeddable":true,"href":"http:\/\/www.mutuelle-mat.fr\/blog\/wp-json\/wp\/v2\/media\/923"}],"wp:attachment":[{"href":"http:\/\/www.mutuelle-mat.fr\/blog\/wp-json\/wp\/v2\/media?parent=922"}],"wp:term":[{"taxonomy":"category","embeddable":true,"href":"http:\/\/www.mutuelle-mat.fr\/blog\/wp-json\/wp\/v2\/categories?post=922"},{"taxonomy":"post_tag","embeddable":true,"href":"http:\/\/www.mutuelle-mat.fr\/blog\/wp-json\/wp\/v2\/tags?post=922"}],"curies":[{"name":"wp","href":"https:\/\/api.w.org\/{rel}","templated":true}]}}