{"id":893,"date":"2025-09-26T22:27:27","date_gmt":"2025-09-26T22:27:27","guid":{"rendered":"http:\/\/www.mutuelle-mat.fr\/blog\/quelle-est-la-date-danniversaire-dun-contrat-dassurance\/893.html"},"modified":"2025-09-26T22:27:27","modified_gmt":"2025-09-26T22:27:27","slug":"quelle-est-la-date-danniversaire-dun-contrat-dassurance","status":"publish","type":"post","link":"http:\/\/www.mutuelle-mat.fr\/blog\/quelle-est-la-date-danniversaire-dun-contrat-dassurance\/893.html","title":{"rendered":"Quelle est la date d&rsquo;anniversaire d&rsquo;un contrat d&rsquo;assurance ?"},"content":{"rendered":"<p>                                        <img decoding=\"async\" src=\"https:\/\/i.ytimg.com\/vi\/rbuepVdDNSE\/hqdefault.jpg?sqp=-oaymwEcCOADEI4CSFXyq4qpAw4IARUAAIhCGAFwAcABBg==&#038;rs=AOn4CLCmne7o1kteNFfi_gd7yf_ufeTm5w\" alt=\"Quelle est la date d'anniversaire d'un contrat d'assurance ?\"><\/p>\n<div id=\"ez-toc-container\" class=\"ez-toc-v2_0_82_2 counter-hierarchy ez-toc-counter ez-toc-grey ez-toc-container-direction\">\n<p class=\"ez-toc-title\" style=\"cursor:inherit\">Sommaires<\/p>\n<label for=\"ez-toc-cssicon-toggle-item-6a97b579325a2\" class=\"ez-toc-cssicon-toggle-label\"><span class=\"ez-toc-cssicon\"><span class=\"eztoc-hide\" style=\"display:none;\">Toggle<\/span><span class=\"ez-toc-icon-toggle-span\"><svg style=\"fill: #999;color:#999\" xmlns=\"http:\/\/www.w3.org\/2000\/svg\" class=\"list-377408\" width=\"20px\" height=\"20px\" viewBox=\"0 0 24 24\" fill=\"none\"><path d=\"M6 6H4v2h2V6zm14 0H8v2h12V6zM4 11h2v2H4v-2zm16 0H8v2h12v-2zM4 16h2v2H4v-2zm16 0H8v2h12v-2z\" fill=\"currentColor\"><\/path><\/svg><svg style=\"fill: #999;color:#999\" class=\"arrow-unsorted-368013\" xmlns=\"http:\/\/www.w3.org\/2000\/svg\" width=\"10px\" height=\"10px\" viewBox=\"0 0 24 24\" version=\"1.2\" baseProfile=\"tiny\"><path d=\"M18.2 9.3l-6.2-6.3-6.2 6.3c-.2.2-.3.4-.3.7s.1.5.3.7c.2.2.4.3.7.3h11c.3 0 .5-.1.7-.3.2-.2.3-.5.3-.7s-.1-.5-.3-.7zM5.8 14.7l6.2 6.3 6.2-6.3c.2-.2.3-.5.3-.7s-.1-.5-.3-.7c-.2-.2-.4-.3-.7-.3h-11c-.3 0-.5.1-.7.3-.2.2-.3.5-.3.7s.1.5.3.7z\"\/><\/svg><\/span><\/span><\/label><input type=\"checkbox\"  id=\"ez-toc-cssicon-toggle-item-6a97b579325a2\"  aria-label=\"Toggle\" \/><nav><ul class='ez-toc-list ez-toc-list-level-1 ' ><li class='ez-toc-page-1 ez-toc-heading-level-3'><a class=\"ez-toc-link ez-toc-heading-1\" href=\"http:\/\/www.mutuelle-mat.fr\/blog\/quelle-est-la-date-danniversaire-dun-contrat-dassurance\/893.html\/#Quelle_est_la_date_danniversaire_dun_contrat_dassurance\" >Quelle est la date d&rsquo;anniversaire d&rsquo;un contrat d&rsquo;assurance ?<\/a><\/li><li class='ez-toc-page-1 ez-toc-heading-level-3'><a class=\"ez-toc-link ez-toc-heading-2\" href=\"http:\/\/www.mutuelle-mat.fr\/blog\/quelle-est-la-date-danniversaire-dun-contrat-dassurance\/893.html\/#Quel_est_le_delai_de_resiliation_de_votre_mutuelle\" >Quel est le d\u00e9lai de r\u00e9siliation de votre mutuelle?<\/a><\/li><li class='ez-toc-page-1 ez-toc-heading-level-3'><a class=\"ez-toc-link ez-toc-heading-3\" href=\"http:\/\/www.mutuelle-mat.fr\/blog\/quelle-est-la-date-danniversaire-dun-contrat-dassurance\/893.html\/#Quel_est_le_delai_de_resiliation_de_votre_assurance_sante\" >Quel est le d\u00e9lai de r\u00e9siliation de votre assurance sant\u00e9?<\/a><\/li><li class='ez-toc-page-1 ez-toc-heading-level-3'><a class=\"ez-toc-link ez-toc-heading-4\" href=\"http:\/\/www.mutuelle-mat.fr\/blog\/quelle-est-la-date-danniversaire-dun-contrat-dassurance\/893.html\/#Comment_resilier_votre_mutuelle_individuelle\" >Comment r\u00e9silier votre mutuelle individuelle?<\/a><\/li><li class='ez-toc-page-1 ez-toc-heading-level-3'><a class=\"ez-toc-link ez-toc-heading-5\" href=\"http:\/\/www.mutuelle-mat.fr\/blog\/quelle-est-la-date-danniversaire-dun-contrat-dassurance\/893.html\/#Comment_resilier_un_contrat_de_mutuelle\" >Comment r\u00e9silier un contrat de mutuelle?<\/a><\/li><\/ul><\/nav><\/div>\n<h3 id=\"question-0\"><span class=\"ez-toc-section\" id=\"Quelle_est_la_date_danniversaire_dun_contrat_dassurance\"><\/span>Quelle est la date d&rsquo;anniversaire d&rsquo;un contrat d&rsquo;assurance ?<span class=\"ez-toc-section-end\"><\/span><\/h3>\n<p>En r\u00e8gle g\u00e9n\u00e9rale, l&rsquo;assur\u00e9 arr\u00eate avec son assureur la date d&rsquo;\u00e9ch\u00e9ance annuelle du contrat qui ne correspond pas forc\u00e9ment \u00e0 la date anniversaire de la date d&rsquo;effet du contrat. Ainsi, alors que son contrat a \u00e9t\u00e9 souscrit le 15 janvier, l&rsquo;assur\u00e9 peut d\u00e9cider que sa date d&rsquo;\u00e9ch\u00e9ance annuelle sera fix\u00e9e au 1er juillet.<\/p>\n<h3 id=\"question-1\"><span class=\"ez-toc-section\" id=\"Quel_est_le_delai_de_resiliation_de_votre_mutuelle\"><\/span>Quel est le d\u00e9lai de r\u00e9siliation de votre mutuelle?<span class=\"ez-toc-section-end\"><\/span><\/h3>\n<ul>\n<li>Votre demande de r\u00e9siliation doit donc respecter ce d\u00e9lai de pr\u00e9avis pour \u00eatre prise en compte par votre assureur. Exemple\u00a0: L\u2019\u00e9ch\u00e9ance annuelle de votre mutuelle est le 1erjanvier. \u00a0 Le reglement mutualiste est de 2 mois. <\/li>\n<\/ul>\n<h3 id=\"question-2\"><span class=\"ez-toc-section\" id=\"Quel_est_le_delai_de_resiliation_de_votre_assurance_sante\"><\/span>Quel est le d\u00e9lai de r\u00e9siliation de votre assurance sant\u00e9?<span class=\"ez-toc-section-end\"><\/span><\/h3>\n<ul>\n<li>Le d\u00e9lai de pr\u00e9avis de votre assurance sant\u00e9 est de 2 mois avant l\u2019\u00e9ch\u00e9ance annuelle du contrat. La demande de r\u00e9siliation doit donc respecter ce d\u00e9lai de pr\u00e9avis pour \u00eatre prise en compte par la compagnie d\u2019assurance ou la mutuelle. Exemple : Si l\u2019\u00e9ch\u00e9ance annuelle du contrat est le&#8230; <\/li>\n<\/ul>\n<h3 id=\"question-3\"><span class=\"ez-toc-section\" id=\"Comment_resilier_votre_mutuelle_individuelle\"><\/span>Comment r\u00e9silier votre mutuelle individuelle?<span class=\"ez-toc-section-end\"><\/span><\/h3>\n<ul>\n<li>D\u00e9lai de r\u00e9siliation pour une nouvelle mutuelle individuelle. Vous souhaitez r\u00e9silier votre contrat de mutuelle individuelle ou de compl\u00e9mentaire sant\u00e9, pour souscrire un nouveau contrat aupr\u00e8s d&rsquo;un assureur concurrent. Dans ce cas, vous devez envoyer \u00e0 votre assureur actuel votre demande de r\u00e9siliation avant la date anniversaire de votre contrat. <\/li>\n<\/ul>\n<h3 id=\"question-4\"><span class=\"ez-toc-section\" id=\"Comment_resilier_un_contrat_de_mutuelle\"><\/span>Comment r\u00e9silier un contrat de mutuelle?<span class=\"ez-toc-section-end\"><\/span><\/h3>\n<ul>\n<li>A la r\u00e9ception de la lettre de r\u00e9siliation, la mutuelle dispose d&rsquo;un d\u00e9lai d&rsquo;un mois pour r\u00e9silier le contrat et proc\u00e9der au remboursement du montant de la cotisation vers\u00e9 en trop. <\/li>\n<\/ul>\n","protected":false},"excerpt":{"rendered":"<p>Quelle est la date d&rsquo;anniversaire d&rsquo;un contrat d&rsquo;assurance ? En r\u00e8gle g\u00e9n\u00e9rale, l&rsquo;assur\u00e9 arr\u00eate avec son assureur la date d&rsquo;\u00e9ch\u00e9ance annuelle du contrat qui ne correspond pas forc\u00e9ment \u00e0 la date anniversaire de la date d&rsquo;effet du contrat. Ainsi, alors que son contrat a \u00e9t\u00e9 souscrit le 15 janvier, l&rsquo;assur\u00e9<\/p>\n","protected":false},"author":1,"featured_media":894,"comment_status":"closed","ping_status":"closed","sticky":false,"template":"","format":"standard","meta":{"_seopress_robots_primary_cat":"","_seopress_titles_title":"","_seopress_titles_desc":"","_seopress_robots_index":"","footnotes":""},"categories":[8],"tags":[],"class_list":["post-893","post","type-post","status-publish","format-standard","has-post-thumbnail","hentry","category-prevoyance"],"_links":{"self":[{"href":"http:\/\/www.mutuelle-mat.fr\/blog\/wp-json\/wp\/v2\/posts\/893","targetHints":{"allow":["GET"]}}],"collection":[{"href":"http:\/\/www.mutuelle-mat.fr\/blog\/wp-json\/wp\/v2\/posts"}],"about":[{"href":"http:\/\/www.mutuelle-mat.fr\/blog\/wp-json\/wp\/v2\/types\/post"}],"author":[{"embeddable":true,"href":"http:\/\/www.mutuelle-mat.fr\/blog\/wp-json\/wp\/v2\/users\/1"}],"replies":[{"embeddable":true,"href":"http:\/\/www.mutuelle-mat.fr\/blog\/wp-json\/wp\/v2\/comments?post=893"}],"version-history":[{"count":0,"href":"http:\/\/www.mutuelle-mat.fr\/blog\/wp-json\/wp\/v2\/posts\/893\/revisions"}],"wp:featuredmedia":[{"embeddable":true,"href":"http:\/\/www.mutuelle-mat.fr\/blog\/wp-json\/wp\/v2\/media\/894"}],"wp:attachment":[{"href":"http:\/\/www.mutuelle-mat.fr\/blog\/wp-json\/wp\/v2\/media?parent=893"}],"wp:term":[{"taxonomy":"category","embeddable":true,"href":"http:\/\/www.mutuelle-mat.fr\/blog\/wp-json\/wp\/v2\/categories?post=893"},{"taxonomy":"post_tag","embeddable":true,"href":"http:\/\/www.mutuelle-mat.fr\/blog\/wp-json\/wp\/v2\/tags?post=893"}],"curies":[{"name":"wp","href":"https:\/\/api.w.org\/{rel}","templated":true}]}}