{"id":887,"date":"2025-09-26T13:16:31","date_gmt":"2025-09-26T13:16:31","guid":{"rendered":"https:\/\/www.mutuelle-mat.fr\/blog\/quel-assurance-pour-un-magasin\/887.html"},"modified":"2025-09-26T13:16:31","modified_gmt":"2025-09-26T13:16:31","slug":"quel-assurance-pour-un-magasin","status":"publish","type":"post","link":"http:\/\/www.mutuelle-mat.fr\/blog\/quel-assurance-pour-un-magasin\/887.html","title":{"rendered":"Quel assurance pour un magasin ?"},"content":{"rendered":"<p>                                        <img decoding=\"async\" src=\"https:\/\/i.ytimg.com\/vi\/b66J8-sxqiA\/hq720.jpg?sqp=-oaymwEcCOgCEMoBSFXyq4qpAw4IARUAAIhCGAFwAcABBg==&#038;rs=AOn4CLBem6MEt-hYan4x84V3UKDEF0j1ZA\" alt=\"Quel assurance pour un magasin ?\"><\/p>\n<div id=\"ez-toc-container\" class=\"ez-toc-v2_0_82_2 counter-hierarchy ez-toc-counter ez-toc-grey ez-toc-container-direction\">\n<p class=\"ez-toc-title\" style=\"cursor:inherit\">Sommaires<\/p>\n<label for=\"ez-toc-cssicon-toggle-item-6a97c5bccaf1b\" class=\"ez-toc-cssicon-toggle-label\"><span class=\"ez-toc-cssicon\"><span class=\"eztoc-hide\" style=\"display:none;\">Toggle<\/span><span class=\"ez-toc-icon-toggle-span\"><svg style=\"fill: #999;color:#999\" xmlns=\"http:\/\/www.w3.org\/2000\/svg\" class=\"list-377408\" width=\"20px\" height=\"20px\" viewBox=\"0 0 24 24\" fill=\"none\"><path d=\"M6 6H4v2h2V6zm14 0H8v2h12V6zM4 11h2v2H4v-2zm16 0H8v2h12v-2zM4 16h2v2H4v-2zm16 0H8v2h12v-2z\" fill=\"currentColor\"><\/path><\/svg><svg style=\"fill: #999;color:#999\" class=\"arrow-unsorted-368013\" xmlns=\"http:\/\/www.w3.org\/2000\/svg\" width=\"10px\" height=\"10px\" viewBox=\"0 0 24 24\" version=\"1.2\" baseProfile=\"tiny\"><path d=\"M18.2 9.3l-6.2-6.3-6.2 6.3c-.2.2-.3.4-.3.7s.1.5.3.7c.2.2.4.3.7.3h11c.3 0 .5-.1.7-.3.2-.2.3-.5.3-.7s-.1-.5-.3-.7zM5.8 14.7l6.2 6.3 6.2-6.3c.2-.2.3-.5.3-.7s-.1-.5-.3-.7c-.2-.2-.4-.3-.7-.3h-11c-.3 0-.5.1-.7.3-.2.2-.3.5-.3.7s.1.5.3.7z\"\/><\/svg><\/span><\/span><\/label><input type=\"checkbox\"  id=\"ez-toc-cssicon-toggle-item-6a97c5bccaf1b\"  aria-label=\"Toggle\" \/><nav><ul class='ez-toc-list ez-toc-list-level-1 ' ><li class='ez-toc-page-1 ez-toc-heading-level-3'><a class=\"ez-toc-link ez-toc-heading-1\" href=\"http:\/\/www.mutuelle-mat.fr\/blog\/quel-assurance-pour-un-magasin\/887.html\/#Quel_assurance_pour_un_magasin\" >Quel assurance pour un magasin ?<\/a><\/li><li class='ez-toc-page-1 ez-toc-heading-level-3'><a class=\"ez-toc-link ez-toc-heading-2\" href=\"http:\/\/www.mutuelle-mat.fr\/blog\/quel-assurance-pour-un-magasin\/887.html\/#Comment_assurer_un_local_commercial_vide\" >Comment assurer un local commercial vide ?<\/a><\/li><li class='ez-toc-page-1 ez-toc-heading-level-3'><a class=\"ez-toc-link ez-toc-heading-3\" href=\"http:\/\/www.mutuelle-mat.fr\/blog\/quel-assurance-pour-un-magasin\/887.html\/#Quelle_assurance_pour_vendre_sur_les_marches\" >Quelle assurance pour vendre sur les march\u00e9s ?<\/a><\/li><li class='ez-toc-page-1 ez-toc-heading-level-3'><a class=\"ez-toc-link ez-toc-heading-4\" href=\"http:\/\/www.mutuelle-mat.fr\/blog\/quel-assurance-pour-un-magasin\/887.html\/#Qui_doit_assurer_un_local_professionnel\" >Qui doit assurer un local professionnel ?<\/a><\/li><li class='ez-toc-page-1 ez-toc-heading-level-3'><a class=\"ez-toc-link ez-toc-heading-5\" href=\"http:\/\/www.mutuelle-mat.fr\/blog\/quel-assurance-pour-un-magasin\/887.html\/#Quelle_assurance_pour_proprietaire_non-occupant\" >Quelle assurance pour propri\u00e9taire non-occupant ?<\/a><\/li><li class='ez-toc-page-1 ez-toc-heading-level-3'><a class=\"ez-toc-link ez-toc-heading-6\" href=\"http:\/\/www.mutuelle-mat.fr\/blog\/quel-assurance-pour-un-magasin\/887.html\/#Quel_document_pour_vendre_sur_les_marches\" >Quel document pour vendre sur les march\u00e9s ?<\/a><\/li><li class='ez-toc-page-1 ez-toc-heading-level-3'><a class=\"ez-toc-link ez-toc-heading-7\" href=\"http:\/\/www.mutuelle-mat.fr\/blog\/quel-assurance-pour-un-magasin\/887.html\/#Comment_fonctionne_la_multirisque_professionnelle\" >Comment fonctionne la multirisque professionnelle ?<\/a><\/li><li class='ez-toc-page-1 ez-toc-heading-level-3'><a class=\"ez-toc-link ez-toc-heading-8\" href=\"http:\/\/www.mutuelle-mat.fr\/blog\/quel-assurance-pour-un-magasin\/887.html\/#Quels_sont_les_risques_couverts_par_lassurance_local_commercial\" >Quels sont les risques couverts par l&#39;assurance local commercial?<\/a><\/li><li class='ez-toc-page-1 ez-toc-heading-level-3'><a class=\"ez-toc-link ez-toc-heading-9\" href=\"http:\/\/www.mutuelle-mat.fr\/blog\/quel-assurance-pour-un-magasin\/887.html\/#Quest_ce_quune_assurance_de_commerce\" >Qu&#39;est ce qu&#39;une assurance de commerce?<\/a><\/li><li class='ez-toc-page-1 ez-toc-heading-level-3'><a class=\"ez-toc-link ez-toc-heading-10\" href=\"http:\/\/www.mutuelle-mat.fr\/blog\/quel-assurance-pour-un-magasin\/887.html\/#Comment_trouver_la_meilleure_assurance_commerce\" >Comment trouver la meilleure assurance commerce?<\/a><\/li><li class='ez-toc-page-1 ez-toc-heading-level-3'><a class=\"ez-toc-link ez-toc-heading-11\" href=\"http:\/\/www.mutuelle-mat.fr\/blog\/quel-assurance-pour-un-magasin\/887.html\/#Quel_est_le_meilleur_contrat_dassurance_professionnelle\" >Quel est le meilleur contrat d\u2019assurance professionnelle?<\/a><\/li><\/ul><\/nav><\/div>\n<h3 id=\"question-0\"><span class=\"ez-toc-section\" id=\"Quel_assurance_pour_un_magasin\"><\/span>Quel assurance pour un magasin ?<span class=\"ez-toc-section-end\"><\/span><\/h3>\n<p>L&rsquo;assurance Responsabilit\u00e9 Civile professionnelle commer\u00e7ant Bien que vous n&rsquo;ayez pas d&rsquo;obligation l\u00e9gale \u00e0 souscrire une RC professionnelle si votre activit\u00e9 ne fait pas partie des professions r\u00e9glement\u00e9es, cette assurance est tr\u00e8s recommand\u00e9e.<\/p>\n<h3 id=\"question-1\"><span class=\"ez-toc-section\" id=\"Comment_assurer_un_local_commercial_vide\"><\/span>Comment assurer un local commercial vide ?<span class=\"ez-toc-section-end\"><\/span><\/h3>\n<p>En r\u00e8gle g\u00e9n\u00e9rale, les compagnies d&rsquo;assurance pr\u00e9f\u00e8rent ne pas assurer des locaux vides car ils peuvent \u00eatre squatt\u00e9s ou d\u00e9grad\u00e9s dans la mesure o\u00f9 ils ne sont pas surveill\u00e9s. Il est donc parfois n\u00e9cessaire de contacter plusieurs assureurs avant d&rsquo;en trouver un qui accepte d&rsquo;assurer le local.<\/p>\n<\/p>\n<h3 id=\"question-2\"><span class=\"ez-toc-section\" id=\"Quelle_assurance_pour_vendre_sur_les_marches\"><\/span>Quelle assurance pour vendre sur les march\u00e9s ?<span class=\"ez-toc-section-end\"><\/span><\/h3>\n<p>L&rsquo; Assurance responsabilit\u00e9 civile march\u00e9 professionnelle est obligatoire pour les commer\u00e7ants non-s\u00e9dentaires pour d\u00e9baller sur tous lieux autoris\u00e9s : foires, march\u00e9s, galeries marchandes, march\u00e9s de no\u00ebl, foires expositions et salons. Sur tous les espaces publics ou priv\u00e9s et pour tous produits, m\u00eames alimentaires.<\/p>\n<h3 id=\"question-3\"><span class=\"ez-toc-section\" id=\"Qui_doit_assurer_un_local_professionnel\"><\/span>Qui doit assurer un local professionnel ?<span class=\"ez-toc-section-end\"><\/span><\/h3>\n<p>Depuis la loi Alur (2014), il est en effet obligatoire pour le propri\u00e9taire bailleur d&rsquo;un local commercial de souscrire une assurance. Vous serez prot\u00e9g\u00e9 contre tout pr\u00e9judice caus\u00e9 par votre bien \u00e0 votre locataire ou aux tiers (voisins, clients, etc.).<\/p>\n<h3 id=\"question-4\"><span class=\"ez-toc-section\" id=\"Quelle_assurance_pour_proprietaire_non-occupant\"><\/span>Quelle assurance pour propri\u00e9taire non-occupant ?<span class=\"ez-toc-section-end\"><\/span><\/h3>\n<p>L&rsquo;assurance propri\u00e9taire non-occupant (PNO) peut \u00eatre souscrite par le propri\u00e9taire d&rsquo;un logement pour le prot\u00e9ger en cas de sinistre, m\u00eame s&rsquo;il est vacant ou occup\u00e9 \u00e0 titre gratuit. &#8230; L&rsquo;assurance PNO propose une couverture \u00e9quivalente \u00e0 une multirisque habitation (MRH).<\/p>\n<\/p>\n<h3 id=\"question-5\"><span class=\"ez-toc-section\" id=\"Quel_document_pour_vendre_sur_les_marches\"><\/span>Quel document pour vendre sur les march\u00e9s ?<span class=\"ez-toc-section-end\"><\/span><\/h3>\n<p>Je demande ma carte de commer\u00e7ant ambulant<\/p>\n<ul>\n<li>D\u00e9claration pr\u00e9alable d&rsquo;une activit\u00e9 commerciale ou artisanale ambulante.<\/li>\n<li>Justificatif d&rsquo;identit\u00e9 (Carte nationale d&rsquo;identit\u00e9, passeport)<\/li>\n<li>Deux photos d&rsquo;identit\u00e9 r\u00e9centes.<\/li>\n<li>Ch\u00e8que de 30 \u20ac<\/li>\n<\/ul>\n<h3 id=\"question-6\"><span class=\"ez-toc-section\" id=\"Comment_fonctionne_la_multirisque_professionnelle\"><\/span>Comment fonctionne la multirisque professionnelle ?<span class=\"ez-toc-section-end\"><\/span><\/h3>\n<p>L&rsquo;assurance multirisque professionnelle est une assurance compl\u00e8te qui couvre les biens mobiliers et immobiliers d&rsquo;une entreprise, ainsi que sa responsabilit\u00e9. C&rsquo;est une assurance pour professionnels indispensable car elle garantit les biens et l&rsquo;activit\u00e9 de l&rsquo;entreprise, assurant ainsi sa p\u00e9rennit\u00e9.<\/p>\n<h3 id=\"question-7\"><span class=\"ez-toc-section\" id=\"Quels_sont_les_risques_couverts_par_lassurance_local_commercial\"><\/span>Quels sont les risques couverts par l&#39;assurance local commercial?<span class=\"ez-toc-section-end\"><\/span><\/h3>\n<ul>\n<li>L&rsquo;assurance local commercial permet alors de prot\u00e9ger vos bureaux professionnels, vos biens et vos \u00e9quipements. Les risques couverts peuvent \u00eatre de diff\u00e9rentes natures : Incendie qui se d\u00e9clare dans votre bureau suite \u00e0 une surchauffe d&rsquo;ordinateur ; D\u00e9g\u00e2ts des eaux. Vous devez faire attention aux exclusions pr\u00e9vues par votre contrat. <\/li>\n<\/ul>\n<h3 id=\"question-8\"><span class=\"ez-toc-section\" id=\"Quest_ce_quune_assurance_de_commerce\"><\/span>Qu&#39;est ce qu&#39;une assurance de commerce?<span class=\"ez-toc-section-end\"><\/span><\/h3>\n<ul>\n<li>Assurance de commerce : qu&rsquo;est ce qui est couvert ? Une assurance multirisque magasin vous permet de couvrir \u00e0 la fois votre responsabilit\u00e9 civile (c&rsquo;est-\u00e0-dire les dommages que vous causez aux tiers) et votre local ainsi que les \u00e9quipements et les biens qui s&rsquo;y trouvent. Responsabilit\u00e9 civile professionnelle de commer\u00e7ant <\/li>\n<\/ul>\n<h3 id=\"question-9\"><span class=\"ez-toc-section\" id=\"Comment_trouver_la_meilleure_assurance_commerce\"><\/span>Comment trouver la meilleure assurance commerce?<span class=\"ez-toc-section-end\"><\/span><\/h3>\n<ul>\n<li>Pour vous aider \u00e0 trouver la meilleure assurance commerce et au meilleur prix, Coover fait un tour d\u2019horizon sur le contrat multirisque et les contrats compl\u00e9mentaires n\u00e9cessaires pour votre activit\u00e9. Assurance de commerce : qu&rsquo;est ce qui est couvert ? <\/li>\n<\/ul>\n<h3 id=\"question-10\"><span class=\"ez-toc-section\" id=\"Quel_est_le_meilleur_contrat_dassurance_professionnelle\"><\/span>Quel est le meilleur contrat d\u2019assurance professionnelle?<span class=\"ez-toc-section-end\"><\/span><\/h3>\n<ul>\n<li>Il n\u2019existe pas, bien s\u00fbr, une formule ou un contrat adapt\u00e9 \u00e0 tous les professionnels, car il existe autant de tarifs de couvertures que d\u2019entreprises. Lorsque l\u2019on parle de la meilleure couverture, il s\u2019agit d\u2019un contrat d\u2019assurance professionnelle pas cher, mais qui vous offrira le plus de garanties possible. <\/li>\n<\/ul>\n","protected":false},"excerpt":{"rendered":"<p>Quel assurance pour un magasin ? L&rsquo;assurance Responsabilit\u00e9 Civile professionnelle commer\u00e7ant Bien que vous n&rsquo;ayez pas d&rsquo;obligation l\u00e9gale \u00e0 souscrire une RC professionnelle si votre activit\u00e9 ne fait pas partie des professions r\u00e9glement\u00e9es, cette assurance est tr\u00e8s recommand\u00e9e. Comment assurer un local commercial vide ? En r\u00e8gle g\u00e9n\u00e9rale, les compagnies<\/p>\n","protected":false},"author":1,"featured_media":888,"comment_status":"closed","ping_status":"closed","sticky":false,"template":"","format":"standard","meta":{"_seopress_robots_primary_cat":"","_seopress_titles_title":"","_seopress_titles_desc":"","_seopress_robots_index":"","footnotes":""},"categories":[8],"tags":[],"class_list":["post-887","post","type-post","status-publish","format-standard","has-post-thumbnail","hentry","category-prevoyance"],"_links":{"self":[{"href":"http:\/\/www.mutuelle-mat.fr\/blog\/wp-json\/wp\/v2\/posts\/887","targetHints":{"allow":["GET"]}}],"collection":[{"href":"http:\/\/www.mutuelle-mat.fr\/blog\/wp-json\/wp\/v2\/posts"}],"about":[{"href":"http:\/\/www.mutuelle-mat.fr\/blog\/wp-json\/wp\/v2\/types\/post"}],"author":[{"embeddable":true,"href":"http:\/\/www.mutuelle-mat.fr\/blog\/wp-json\/wp\/v2\/users\/1"}],"replies":[{"embeddable":true,"href":"http:\/\/www.mutuelle-mat.fr\/blog\/wp-json\/wp\/v2\/comments?post=887"}],"version-history":[{"count":0,"href":"http:\/\/www.mutuelle-mat.fr\/blog\/wp-json\/wp\/v2\/posts\/887\/revisions"}],"wp:featuredmedia":[{"embeddable":true,"href":"http:\/\/www.mutuelle-mat.fr\/blog\/wp-json\/wp\/v2\/media\/888"}],"wp:attachment":[{"href":"http:\/\/www.mutuelle-mat.fr\/blog\/wp-json\/wp\/v2\/media?parent=887"}],"wp:term":[{"taxonomy":"category","embeddable":true,"href":"http:\/\/www.mutuelle-mat.fr\/blog\/wp-json\/wp\/v2\/categories?post=887"},{"taxonomy":"post_tag","embeddable":true,"href":"http:\/\/www.mutuelle-mat.fr\/blog\/wp-json\/wp\/v2\/tags?post=887"}],"curies":[{"name":"wp","href":"https:\/\/api.w.org\/{rel}","templated":true}]}}