{"id":760,"date":"2025-09-16T00:20:28","date_gmt":"2025-09-16T00:20:28","guid":{"rendered":"http:\/\/www.mutuelle-mat.fr\/blog\/quel-assurance-pour-entrepreneur\/760.html"},"modified":"2025-09-16T00:20:28","modified_gmt":"2025-09-16T00:20:28","slug":"quel-assurance-pour-entrepreneur","status":"publish","type":"post","link":"http:\/\/www.mutuelle-mat.fr\/blog\/quel-assurance-pour-entrepreneur\/760.html","title":{"rendered":"Quel assurance pour entrepreneur ?"},"content":{"rendered":"<p>                                        <img decoding=\"async\" src=\"https:\/\/i.ytimg.com\/vi\/Q0xILswjPoo\/hq720.jpg?sqp=-oaymwEcCOgCEMoBSFXyq4qpAw4IARUAAIhCGAFwAcABBg==&#038;rs=AOn4CLAaRnwYGyu6EhM0gOzz3xO565YREg\" alt=\"Quel assurance pour entrepreneur ?\"><\/p>\n<div id=\"ez-toc-container\" class=\"ez-toc-v2_0_82_2 counter-hierarchy ez-toc-counter ez-toc-grey ez-toc-container-direction\">\n<p class=\"ez-toc-title\" style=\"cursor:inherit\">Sommaires<\/p>\n<label for=\"ez-toc-cssicon-toggle-item-6a983639e0c60\" class=\"ez-toc-cssicon-toggle-label\"><span class=\"ez-toc-cssicon\"><span class=\"eztoc-hide\" style=\"display:none;\">Toggle<\/span><span class=\"ez-toc-icon-toggle-span\"><svg style=\"fill: #999;color:#999\" xmlns=\"http:\/\/www.w3.org\/2000\/svg\" class=\"list-377408\" width=\"20px\" height=\"20px\" viewBox=\"0 0 24 24\" fill=\"none\"><path d=\"M6 6H4v2h2V6zm14 0H8v2h12V6zM4 11h2v2H4v-2zm16 0H8v2h12v-2zM4 16h2v2H4v-2zm16 0H8v2h12v-2z\" fill=\"currentColor\"><\/path><\/svg><svg style=\"fill: #999;color:#999\" class=\"arrow-unsorted-368013\" xmlns=\"http:\/\/www.w3.org\/2000\/svg\" width=\"10px\" height=\"10px\" viewBox=\"0 0 24 24\" version=\"1.2\" baseProfile=\"tiny\"><path d=\"M18.2 9.3l-6.2-6.3-6.2 6.3c-.2.2-.3.4-.3.7s.1.5.3.7c.2.2.4.3.7.3h11c.3 0 .5-.1.7-.3.2-.2.3-.5.3-.7s-.1-.5-.3-.7zM5.8 14.7l6.2 6.3 6.2-6.3c.2-.2.3-.5.3-.7s-.1-.5-.3-.7c-.2-.2-.4-.3-.7-.3h-11c-.3 0-.5.1-.7.3-.2.2-.3.5-.3.7s.1.5.3.7z\"\/><\/svg><\/span><\/span><\/label><input type=\"checkbox\"  id=\"ez-toc-cssicon-toggle-item-6a983639e0c60\"  aria-label=\"Toggle\" \/><nav><ul class='ez-toc-list ez-toc-list-level-1 ' ><li class='ez-toc-page-1 ez-toc-heading-level-3'><a class=\"ez-toc-link ez-toc-heading-1\" href=\"http:\/\/www.mutuelle-mat.fr\/blog\/quel-assurance-pour-entrepreneur\/760.html\/#Quel_assurance_pour_entrepreneur\" >Quel assurance pour entrepreneur ?<\/a><\/li><li class='ez-toc-page-1 ez-toc-heading-level-3'><a class=\"ez-toc-link ez-toc-heading-2\" href=\"http:\/\/www.mutuelle-mat.fr\/blog\/quel-assurance-pour-entrepreneur\/760.html\/#Pourquoi_prendre_une_assurance_responsabilite_civile_professionnelle\" >Pourquoi prendre une assurance responsabilit\u00e9 civile professionnelle ?<\/a><\/li><li class='ez-toc-page-1 ez-toc-heading-level-3'><a class=\"ez-toc-link ez-toc-heading-3\" href=\"http:\/\/www.mutuelle-mat.fr\/blog\/quel-assurance-pour-entrepreneur\/760.html\/#Pourquoi_un_micro-entrepreneur_doit-il_etre_obligatoirement_assure\" >Pourquoi un micro-entrepreneur doit-il \u00eatre obligatoirement assur\u00e9?<\/a><\/li><li class='ez-toc-page-1 ez-toc-heading-level-3'><a class=\"ez-toc-link ez-toc-heading-4\" href=\"http:\/\/www.mutuelle-mat.fr\/blog\/quel-assurance-pour-entrepreneur\/760.html\/#Quelle_est_la_couverture_de_la_defense_du_micro-entrepreneur\" >Quelle est la couverture de la d\u00e9fense du micro-entrepreneur?<\/a><\/li><li class='ez-toc-page-1 ez-toc-heading-level-3'><a class=\"ez-toc-link ez-toc-heading-5\" href=\"http:\/\/www.mutuelle-mat.fr\/blog\/quel-assurance-pour-entrepreneur\/760.html\/#Quelle_est_la_responsabilite_dun_micro-entrepreneur\" >Quelle est la responsabilit\u00e9 d&#39;un micro-entrepreneur?<\/a><\/li><li class='ez-toc-page-1 ez-toc-heading-level-3'><a class=\"ez-toc-link ez-toc-heading-6\" href=\"http:\/\/www.mutuelle-mat.fr\/blog\/quel-assurance-pour-entrepreneur\/760.html\/#Comment_se_renseigner_chez_un_micro-entrepreneur\" >Comment se renseigner chez un micro-entrepreneur?<\/a><\/li><\/ul><\/nav><\/div>\n<h3 id=\"question-0\"><span class=\"ez-toc-section\" id=\"Quel_assurance_pour_entrepreneur\"><\/span>Quel assurance pour entrepreneur ?<span class=\"ez-toc-section-end\"><\/span><\/h3>\n<p>Tout constructeur (entrepreneur, promoteur immobilier, lotisseur, ma\u00eetre d&rsquo;\u0153uvre, architecte, technicien, bureau d&rsquo;\u00e9tude, ing\u00e9nieur-conseil) est dans l&rsquo;obligation de souscrire une garantie d\u00e9cennale (ou assurance de responsabilit\u00e9 civile d\u00e9cennale).<\/p>\n<h3 id=\"question-1\"><span class=\"ez-toc-section\" id=\"Pourquoi_prendre_une_assurance_responsabilite_civile_professionnelle\"><\/span>Pourquoi prendre une assurance responsabilit\u00e9 civile professionnelle ?<span class=\"ez-toc-section-end\"><\/span><\/h3>\n<p>Pourquoi souscrire une assurance RC professionnelle ? Chaque entreprise a l&rsquo;obligation de r\u00e9parer tout dommage caus\u00e9 \u00e0 autrui par les personnes ou les biens dont elle r\u00e9pond. &#8230; Pour se couvrir contre ces risques, l&rsquo;entreprise doit souscrire une assurance responsabilit\u00e9 civile professionnelle.<\/p>\n<\/p>\n<h3 id=\"question-2\"><span class=\"ez-toc-section\" id=\"Pourquoi_un_micro-entrepreneur_doit-il_etre_obligatoirement_assure\"><\/span>Pourquoi un micro-entrepreneur doit-il \u00eatre obligatoirement assur\u00e9?<span class=\"ez-toc-section-end\"><\/span><\/h3>\n<ul>\n<li>Un micro-entrepreneur doit-il \u00eatre obligatoirement assur\u00e9 ? En mati\u00e8re d&rsquo;assurance, il n&rsquo;y a pas de sp\u00e9cificit\u00e9 pour un auto-entrepreneur ou un micro-entrepreneur. En ce qui concerne la responsabilit\u00e9 civile professionnelle, il existe des assurances obligatoires et des assurances recommand\u00e9es. <\/li>\n<\/ul>\n<h3 id=\"question-3\"><span class=\"ez-toc-section\" id=\"Quelle_est_la_couverture_de_la_defense_du_micro-entrepreneur\"><\/span>Quelle est la couverture de la d\u00e9fense du micro-entrepreneur?<span class=\"ez-toc-section-end\"><\/span><\/h3>\n<ul>\n<li>Cette couverture assure \u00e9galement la couverture des frais de d\u00e9fense du micro-entrepreneur, comme les honoraires d\u2019avocat et les frais de justice devant toute juridiction civile, administrative, ordinale et p\u00e9nale. <\/li>\n<\/ul>\n<h3 id=\"question-4\"><span class=\"ez-toc-section\" id=\"Quelle_est_la_responsabilite_dun_micro-entrepreneur\"><\/span>Quelle est la responsabilit\u00e9 d&#39;un micro-entrepreneur?<span class=\"ez-toc-section-end\"><\/span><\/h3>\n<ul>\n<li>En effet, comme tout professionnel, un micro-entrepreneur est responsable des dommages caus\u00e9s par lui-m\u00eame, ses locaux et son mat\u00e9riel professionnels. Il est \u00e9galement responsable des dommages occasionn\u00e9s par les objets qu&rsquo;il vend, fabrique, r\u00e9pare ou installe dans le cadre de son activit\u00e9 professionnelle. <\/li>\n<\/ul>\n<h3 id=\"question-5\"><span class=\"ez-toc-section\" id=\"Comment_se_renseigner_chez_un_micro-entrepreneur\"><\/span>Comment se renseigner chez un micro-entrepreneur?<span class=\"ez-toc-section-end\"><\/span><\/h3>\n<ul>\n<li>Le micro-entrepreneur peut aussi se renseigner aupr\u00e8s de l&rsquo;organisation professionnelle \u00e0 laquelle son activit\u00e9 est rattach\u00e9e. \u00c0 noter : Les v\u00e9hicules utilis\u00e9s dans un cadre professionnel doivent \u00eatre couverts par une assurance de responsabilit\u00e9 civile. <\/li>\n<\/ul>\n","protected":false},"excerpt":{"rendered":"<p>Quel assurance pour entrepreneur ? Tout constructeur (entrepreneur, promoteur immobilier, lotisseur, ma\u00eetre d&rsquo;\u0153uvre, architecte, technicien, bureau d&rsquo;\u00e9tude, ing\u00e9nieur-conseil) est dans l&rsquo;obligation de souscrire une garantie d\u00e9cennale (ou assurance de responsabilit\u00e9 civile d\u00e9cennale). Pourquoi prendre une assurance responsabilit\u00e9 civile professionnelle ? Pourquoi souscrire une assurance RC professionnelle ? Chaque entreprise a<\/p>\n","protected":false},"author":1,"featured_media":753,"comment_status":"closed","ping_status":"closed","sticky":false,"template":"","format":"standard","meta":{"_seopress_robots_primary_cat":"","_seopress_titles_title":"","_seopress_titles_desc":"","_seopress_robots_index":"","footnotes":""},"categories":[8],"tags":[],"class_list":["post-760","post","type-post","status-publish","format-standard","has-post-thumbnail","hentry","category-prevoyance"],"_links":{"self":[{"href":"http:\/\/www.mutuelle-mat.fr\/blog\/wp-json\/wp\/v2\/posts\/760","targetHints":{"allow":["GET"]}}],"collection":[{"href":"http:\/\/www.mutuelle-mat.fr\/blog\/wp-json\/wp\/v2\/posts"}],"about":[{"href":"http:\/\/www.mutuelle-mat.fr\/blog\/wp-json\/wp\/v2\/types\/post"}],"author":[{"embeddable":true,"href":"http:\/\/www.mutuelle-mat.fr\/blog\/wp-json\/wp\/v2\/users\/1"}],"replies":[{"embeddable":true,"href":"http:\/\/www.mutuelle-mat.fr\/blog\/wp-json\/wp\/v2\/comments?post=760"}],"version-history":[{"count":0,"href":"http:\/\/www.mutuelle-mat.fr\/blog\/wp-json\/wp\/v2\/posts\/760\/revisions"}],"wp:featuredmedia":[{"embeddable":true,"href":"http:\/\/www.mutuelle-mat.fr\/blog\/wp-json\/wp\/v2\/media\/753"}],"wp:attachment":[{"href":"http:\/\/www.mutuelle-mat.fr\/blog\/wp-json\/wp\/v2\/media?parent=760"}],"wp:term":[{"taxonomy":"category","embeddable":true,"href":"http:\/\/www.mutuelle-mat.fr\/blog\/wp-json\/wp\/v2\/categories?post=760"},{"taxonomy":"post_tag","embeddable":true,"href":"http:\/\/www.mutuelle-mat.fr\/blog\/wp-json\/wp\/v2\/tags?post=760"}],"curies":[{"name":"wp","href":"https:\/\/api.w.org\/{rel}","templated":true}]}}