{"id":714,"date":"2025-09-12T19:19:45","date_gmt":"2025-09-12T19:19:45","guid":{"rendered":"https:\/\/www.mutuelle-mat.fr\/blog\/comment-la-loi-pacte-a-t-elle-modifie-le-regime-de-lassurance-vie\/714.html"},"modified":"2025-09-12T19:19:45","modified_gmt":"2025-09-12T19:19:45","slug":"comment-la-loi-pacte-a-t-elle-modifie-le-regime-de-lassurance-vie","status":"publish","type":"post","link":"http:\/\/www.mutuelle-mat.fr\/blog\/comment-la-loi-pacte-a-t-elle-modifie-le-regime-de-lassurance-vie\/714.html","title":{"rendered":"Comment la loi PACTE A-t-elle modifi\u00e9 le r\u00e9gime de l&rsquo;assurance vie ?"},"content":{"rendered":"<p>                                        <img decoding=\"async\" src=\"https:\/\/i.ytimg.com\/vi\/CxbqBYwsPQQ\/hqdefault.jpg?sqp=-oaymwEcCOADEI4CSFXyq4qpAw4IARUAAIhCGAFwAcABBg==&#038;rs=AOn4CLCfODosENi0PUi3CQuJT6MVQpk7lA\" alt=\"Comment la loi PACTE A-t-elle modifi\u00e9 le r\u00e9gime de l'assurance vie ?\"><\/p>\n<h3 id=\"question-0\">Comment la loi PACTE A-t-elle modifi\u00e9 le r\u00e9gime de l&rsquo;assurance vie ?<\/h3>\n<p>La loi Pacte pr\u00e9voit \u00e9galement une r\u00e9forme du PER (qui remplace des produits d&rsquo;assurance-vie PERP et Madelin), avec la cr\u00e9ation d&rsquo;un r\u00e9gime de droit commun d&rsquo;ici 2020 et une passerelle temporaire entre l&rsquo;assurance-vie et ce PER. &#8230; Ces abattements seront doubl\u00e9s en cas de r\u00e9investissement de l&rsquo;assurance-vie vers un PER.<\/p>\n","protected":false},"excerpt":{"rendered":"<p>Comment la loi PACTE A-t-elle modifi\u00e9 le r\u00e9gime de l&rsquo;assurance vie ? La loi Pacte pr\u00e9voit \u00e9galement une r\u00e9forme du PER (qui remplace des produits d&rsquo;assurance-vie PERP et Madelin), avec la cr\u00e9ation d&rsquo;un r\u00e9gime de droit commun d&rsquo;ici 2020 et une passerelle temporaire entre l&rsquo;assurance-vie et ce PER. &#8230; Ces<\/p>\n","protected":false},"author":1,"featured_media":715,"comment_status":"closed","ping_status":"closed","sticky":false,"template":"","format":"standard","meta":{"_seopress_robots_primary_cat":"","_seopress_titles_title":"","_seopress_titles_desc":"","_seopress_robots_index":"","footnotes":""},"categories":[8],"tags":[],"class_list":["post-714","post","type-post","status-publish","format-standard","has-post-thumbnail","hentry","category-prevoyance"],"_links":{"self":[{"href":"http:\/\/www.mutuelle-mat.fr\/blog\/wp-json\/wp\/v2\/posts\/714","targetHints":{"allow":["GET"]}}],"collection":[{"href":"http:\/\/www.mutuelle-mat.fr\/blog\/wp-json\/wp\/v2\/posts"}],"about":[{"href":"http:\/\/www.mutuelle-mat.fr\/blog\/wp-json\/wp\/v2\/types\/post"}],"author":[{"embeddable":true,"href":"http:\/\/www.mutuelle-mat.fr\/blog\/wp-json\/wp\/v2\/users\/1"}],"replies":[{"embeddable":true,"href":"http:\/\/www.mutuelle-mat.fr\/blog\/wp-json\/wp\/v2\/comments?post=714"}],"version-history":[{"count":0,"href":"http:\/\/www.mutuelle-mat.fr\/blog\/wp-json\/wp\/v2\/posts\/714\/revisions"}],"wp:featuredmedia":[{"embeddable":true,"href":"http:\/\/www.mutuelle-mat.fr\/blog\/wp-json\/wp\/v2\/media\/715"}],"wp:attachment":[{"href":"http:\/\/www.mutuelle-mat.fr\/blog\/wp-json\/wp\/v2\/media?parent=714"}],"wp:term":[{"taxonomy":"category","embeddable":true,"href":"http:\/\/www.mutuelle-mat.fr\/blog\/wp-json\/wp\/v2\/categories?post=714"},{"taxonomy":"post_tag","embeddable":true,"href":"http:\/\/www.mutuelle-mat.fr\/blog\/wp-json\/wp\/v2\/tags?post=714"}],"curies":[{"name":"wp","href":"https:\/\/api.w.org\/{rel}","templated":true}]}}