{"id":712,"date":"2025-09-12T16:17:30","date_gmt":"2025-09-12T16:17:30","guid":{"rendered":"http:\/\/www.mutuelle-mat.fr\/blog\/quelle-type-dassurance-pour-les-architectes\/712.html"},"modified":"2025-09-12T16:17:30","modified_gmt":"2025-09-12T16:17:30","slug":"quelle-type-dassurance-pour-les-architectes","status":"publish","type":"post","link":"http:\/\/www.mutuelle-mat.fr\/blog\/quelle-type-dassurance-pour-les-architectes\/712.html","title":{"rendered":"Quelle type d&rsquo;assurance pour les architectes ?"},"content":{"rendered":"<p>                                        <img decoding=\"async\" src=\"https:\/\/i.ytimg.com\/vi\/nM7ZlNw41KA\/hq720.jpg?sqp=-oaymwEcCOgCEMoBSFXyq4qpAw4IARUAAIhCGAFwAcABBg==&#038;rs=AOn4CLD-Qt7m2zM-9nBSC0gYjBo2y3uaHg\" alt=\"Quelle type d'assurance pour les architectes ?\"><\/p>\n<div id=\"ez-toc-container\" class=\"ez-toc-v2_0_82_2 counter-hierarchy ez-toc-counter ez-toc-grey ez-toc-container-direction\">\n<p class=\"ez-toc-title\" style=\"cursor:inherit\">Sommaires<\/p>\n<label for=\"ez-toc-cssicon-toggle-item-6a985238db0dc\" class=\"ez-toc-cssicon-toggle-label\"><span class=\"ez-toc-cssicon\"><span class=\"eztoc-hide\" style=\"display:none;\">Toggle<\/span><span class=\"ez-toc-icon-toggle-span\"><svg style=\"fill: #999;color:#999\" xmlns=\"http:\/\/www.w3.org\/2000\/svg\" class=\"list-377408\" width=\"20px\" height=\"20px\" viewBox=\"0 0 24 24\" fill=\"none\"><path d=\"M6 6H4v2h2V6zm14 0H8v2h12V6zM4 11h2v2H4v-2zm16 0H8v2h12v-2zM4 16h2v2H4v-2zm16 0H8v2h12v-2z\" fill=\"currentColor\"><\/path><\/svg><svg style=\"fill: #999;color:#999\" class=\"arrow-unsorted-368013\" xmlns=\"http:\/\/www.w3.org\/2000\/svg\" width=\"10px\" height=\"10px\" viewBox=\"0 0 24 24\" version=\"1.2\" baseProfile=\"tiny\"><path d=\"M18.2 9.3l-6.2-6.3-6.2 6.3c-.2.2-.3.4-.3.7s.1.5.3.7c.2.2.4.3.7.3h11c.3 0 .5-.1.7-.3.2-.2.3-.5.3-.7s-.1-.5-.3-.7zM5.8 14.7l6.2 6.3 6.2-6.3c.2-.2.3-.5.3-.7s-.1-.5-.3-.7c-.2-.2-.4-.3-.7-.3h-11c-.3 0-.5.1-.7.3-.2.2-.3.5-.3.7s.1.5.3.7z\"\/><\/svg><\/span><\/span><\/label><input type=\"checkbox\"  id=\"ez-toc-cssicon-toggle-item-6a985238db0dc\"  aria-label=\"Toggle\" \/><nav><ul class='ez-toc-list ez-toc-list-level-1 ' ><li class='ez-toc-page-1 ez-toc-heading-level-3'><a class=\"ez-toc-link ez-toc-heading-1\" href=\"http:\/\/www.mutuelle-mat.fr\/blog\/quelle-type-dassurance-pour-les-architectes\/712.html\/#Quelle_type_dassurance_pour_les_architectes\" >Quelle type d&rsquo;assurance pour les architectes ?<\/a><\/li><li class='ez-toc-page-1 ez-toc-heading-level-3'><a class=\"ez-toc-link ez-toc-heading-2\" href=\"http:\/\/www.mutuelle-mat.fr\/blog\/quelle-type-dassurance-pour-les-architectes\/712.html\/#Comment_ouvrir_un_cabinet_darchitecte\" >Comment ouvrir un cabinet d&rsquo;architecte ?<\/a><\/li><li class='ez-toc-page-1 ez-toc-heading-level-3'><a class=\"ez-toc-link ez-toc-heading-3\" href=\"http:\/\/www.mutuelle-mat.fr\/blog\/quelle-type-dassurance-pour-les-architectes\/712.html\/#Comment_consulter_le_tableau_de_lordre\" >Comment consulter le tableau de l&#39;ordre?<\/a><\/li><li class='ez-toc-page-1 ez-toc-heading-level-3'><a class=\"ez-toc-link ez-toc-heading-4\" href=\"http:\/\/www.mutuelle-mat.fr\/blog\/quelle-type-dassurance-pour-les-architectes\/712.html\/#Quel_est_le_metier_dun_architecte\" >Quel est le m\u00e9tier d&#39;un architecte?<\/a><\/li><li class='ez-toc-page-1 ez-toc-heading-level-3'><a class=\"ez-toc-link ez-toc-heading-5\" href=\"http:\/\/www.mutuelle-mat.fr\/blog\/quelle-type-dassurance-pour-les-architectes\/712.html\/#Quels_sont_les_architectes_presents_sur_architectes_Paris\" >Quels sont les architectes pr\u00e9sents sur architectes Paris?<\/a><\/li><\/ul><\/nav><\/div>\n<h3 id=\"question-0\"><span class=\"ez-toc-section\" id=\"Quelle_type_dassurance_pour_les_architectes\"><\/span>Quelle type d&rsquo;assurance pour les architectes ?<span class=\"ez-toc-section-end\"><\/span><\/h3>\n<p>L&rsquo;assurance de responsabilit\u00e9 civile professionnelle : aussi appel\u00e9e RC Pro, elle couvre les dommages physiques et mat\u00e9riels que vous pourriez causer \u00e0 un tiers dans le cadre de votre activit\u00e9. Elle est obligatoire pour toutes les professions r\u00e9glement\u00e9es et, par cons\u00e9quent, pour les architectes.<\/p>\n<h3 id=\"question-1\"><span class=\"ez-toc-section\" id=\"Comment_ouvrir_un_cabinet_darchitecte\"><\/span>Comment ouvrir un cabinet d&rsquo;architecte ?<span class=\"ez-toc-section-end\"><\/span><\/h3>\n<p>L&rsquo;inscription obligatoire \u00e0 l&rsquo;Ordre des architectes En pratique, il s&rsquo;agit : du centre des formalit\u00e9s des entreprises (CFE) de l&rsquo;Urssaf ou du conseil r\u00e9gional pour l&rsquo;inscription des personnes physiques, du CFE de la CCI ou du conseil r\u00e9gional pour l&rsquo;inscription des personnes morales.<\/p>\n<\/p>\n<h3 id=\"question-2\"><span class=\"ez-toc-section\" id=\"Comment_consulter_le_tableau_de_lordre\"><\/span>Comment consulter le tableau de l&#39;ordre?<span class=\"ez-toc-section-end\"><\/span><\/h3>\n<ul>\n<li>Le tableau de l&rsquo;Ordre est mis \u00e0 jour en permanence par les Conseils r\u00e9gionaux de l&rsquo;Ordre. En cas d&rsquo;interrogation ou de doute, consulter le Conseil r\u00e9gional concern\u00e9. Un architecte exer\u00e7ant une autre activit\u00e9, telle que: enseignement, journalisme, expertise \u00e0 titre exclusif, salari\u00e9 d&rsquo;un CAUE\u2026 <\/li>\n<\/ul>\n<h3 id=\"question-3\"><span class=\"ez-toc-section\" id=\"Quel_est_le_metier_dun_architecte\"><\/span>Quel est le m\u00e9tier d&#39;un architecte?<span class=\"ez-toc-section-end\"><\/span><\/h3>\n<ul>\n<li>Un architecte pour concevoir, am\u00e9nager, diriger et coordonner vos travaux, ou vous conseiller Ces architectes sont habilit\u00e9s \u00e0 exercer des missions de conception, d&rsquo;am\u00e9nagement int\u00e9rieur et ext\u00e9rieur, d&rsquo;urbanisme, de suivi et d&rsquo;assistance \u00e0 la r\u00e9ception des travaux, etc. et sont assur\u00e9s \u00e0 ce titre <\/li>\n<\/ul>\n<h3 id=\"question-4\"><span class=\"ez-toc-section\" id=\"Quels_sont_les_architectes_presents_sur_architectes_Paris\"><\/span>Quels sont les architectes pr\u00e9sents sur architectes Paris?<span class=\"ez-toc-section-end\"><\/span><\/h3>\n<ul>\n<li>Agences d&rsquo;architecture et architectes pr\u00e9sents sur Architectes-pour-tous paris BUBENDORFF MICHEL PARIS A+A ARCHITECTES SARL D&rsquo;ARCHITECTURE ET D&rsquo;AMENAGEMENT PARIS 12 ARCHITECTES PARIS A.D.E ARCHITECTES ASSOCIES Paris AARKA PARIS 23 DEGRES ARCHITECTURE &#038; URBANISME PARIS 2A8 <\/li>\n<\/ul>\n","protected":false},"excerpt":{"rendered":"<p>Quelle type d&rsquo;assurance pour les architectes ? L&rsquo;assurance de responsabilit\u00e9 civile professionnelle : aussi appel\u00e9e RC Pro, elle couvre les dommages physiques et mat\u00e9riels que vous pourriez causer \u00e0 un tiers dans le cadre de votre activit\u00e9. Elle est obligatoire pour toutes les professions r\u00e9glement\u00e9es et, par cons\u00e9quent, pour les<\/p>\n","protected":false},"author":1,"featured_media":713,"comment_status":"closed","ping_status":"closed","sticky":false,"template":"","format":"standard","meta":{"_seopress_robots_primary_cat":"","_seopress_titles_title":"","_seopress_titles_desc":"","_seopress_robots_index":"","footnotes":""},"categories":[8],"tags":[],"class_list":["post-712","post","type-post","status-publish","format-standard","has-post-thumbnail","hentry","category-prevoyance"],"_links":{"self":[{"href":"http:\/\/www.mutuelle-mat.fr\/blog\/wp-json\/wp\/v2\/posts\/712","targetHints":{"allow":["GET"]}}],"collection":[{"href":"http:\/\/www.mutuelle-mat.fr\/blog\/wp-json\/wp\/v2\/posts"}],"about":[{"href":"http:\/\/www.mutuelle-mat.fr\/blog\/wp-json\/wp\/v2\/types\/post"}],"author":[{"embeddable":true,"href":"http:\/\/www.mutuelle-mat.fr\/blog\/wp-json\/wp\/v2\/users\/1"}],"replies":[{"embeddable":true,"href":"http:\/\/www.mutuelle-mat.fr\/blog\/wp-json\/wp\/v2\/comments?post=712"}],"version-history":[{"count":0,"href":"http:\/\/www.mutuelle-mat.fr\/blog\/wp-json\/wp\/v2\/posts\/712\/revisions"}],"wp:featuredmedia":[{"embeddable":true,"href":"http:\/\/www.mutuelle-mat.fr\/blog\/wp-json\/wp\/v2\/media\/713"}],"wp:attachment":[{"href":"http:\/\/www.mutuelle-mat.fr\/blog\/wp-json\/wp\/v2\/media?parent=712"}],"wp:term":[{"taxonomy":"category","embeddable":true,"href":"http:\/\/www.mutuelle-mat.fr\/blog\/wp-json\/wp\/v2\/categories?post=712"},{"taxonomy":"post_tag","embeddable":true,"href":"http:\/\/www.mutuelle-mat.fr\/blog\/wp-json\/wp\/v2\/tags?post=712"}],"curies":[{"name":"wp","href":"https:\/\/api.w.org\/{rel}","templated":true}]}}