{"id":603,"date":"2022-10-23T06:00:39","date_gmt":"2022-10-23T06:00:39","guid":{"rendered":"http:\/\/www.mutuelle-mat.fr\/blog\/pourquoi-souscrire-a-une-assurance-responsabilite-civile-pour-auto-entrepreneur\/603.html"},"modified":"2022-10-23T06:00:39","modified_gmt":"2022-10-23T06:00:39","slug":"pourquoi-souscrire-a-une-assurance-responsabilite-civile-pour-auto-entrepreneur","status":"publish","type":"post","link":"http:\/\/www.mutuelle-mat.fr\/blog\/pourquoi-souscrire-a-une-assurance-responsabilite-civile-pour-auto-entrepreneur\/603.html","title":{"rendered":"Pourquoi souscrire \u00e0 une assurance responsabilit\u00e9 civile pour Auto-entrepreneur ?"},"content":{"rendered":"<p><img decoding=\"async\" src=\"https:\/\/i.ytimg.com\/vi\/Q0xILswjPoo\/hq720.jpg?sqp=-oaymwEcCOgCEMoBSFXyq4qpAw4IARUAAIhCGAFwAcABBg==&#038;rs=AOn4CLAaRnwYGyu6EhM0gOzz3xO565YREg\" alt=\"Pourquoi souscrire \u00e0 une assurance responsabilit\u00e9 civile pour Auto-entrepreneur ?\"><\/p>\n<div id=\"ez-toc-container\" class=\"ez-toc-v2_0_82_2 counter-hierarchy ez-toc-counter ez-toc-grey ez-toc-container-direction\">\n<p class=\"ez-toc-title\" style=\"cursor:inherit\">Sommaires<\/p>\n<label for=\"ez-toc-cssicon-toggle-item-6a988ccf26459\" class=\"ez-toc-cssicon-toggle-label\"><span class=\"ez-toc-cssicon\"><span class=\"eztoc-hide\" style=\"display:none;\">Toggle<\/span><span class=\"ez-toc-icon-toggle-span\"><svg style=\"fill: #999;color:#999\" xmlns=\"http:\/\/www.w3.org\/2000\/svg\" class=\"list-377408\" width=\"20px\" height=\"20px\" viewBox=\"0 0 24 24\" fill=\"none\"><path d=\"M6 6H4v2h2V6zm14 0H8v2h12V6zM4 11h2v2H4v-2zm16 0H8v2h12v-2zM4 16h2v2H4v-2zm16 0H8v2h12v-2z\" fill=\"currentColor\"><\/path><\/svg><svg style=\"fill: #999;color:#999\" class=\"arrow-unsorted-368013\" xmlns=\"http:\/\/www.w3.org\/2000\/svg\" width=\"10px\" height=\"10px\" viewBox=\"0 0 24 24\" version=\"1.2\" baseProfile=\"tiny\"><path d=\"M18.2 9.3l-6.2-6.3-6.2 6.3c-.2.2-.3.4-.3.7s.1.5.3.7c.2.2.4.3.7.3h11c.3 0 .5-.1.7-.3.2-.2.3-.5.3-.7s-.1-.5-.3-.7zM5.8 14.7l6.2 6.3 6.2-6.3c.2-.2.3-.5.3-.7s-.1-.5-.3-.7c-.2-.2-.4-.3-.7-.3h-11c-.3 0-.5.1-.7.3-.2.2-.3.5-.3.7s.1.5.3.7z\"\/><\/svg><\/span><\/span><\/label><input type=\"checkbox\"  id=\"ez-toc-cssicon-toggle-item-6a988ccf26459\"  aria-label=\"Toggle\" \/><nav><ul class='ez-toc-list ez-toc-list-level-1 ' ><li class='ez-toc-page-1 ez-toc-heading-level-3'><a class=\"ez-toc-link ez-toc-heading-1\" href=\"http:\/\/www.mutuelle-mat.fr\/blog\/pourquoi-souscrire-a-une-assurance-responsabilite-civile-pour-auto-entrepreneur\/603.html\/#Pourquoi_souscrire_a_une_assurance_responsabilite_civile_pour_Auto-entrepreneur\" >Pourquoi souscrire \u00e0 une assurance responsabilit\u00e9 civile pour Auto-entrepreneur ?<\/a><\/li><li class='ez-toc-page-1 ez-toc-heading-level-3'><a class=\"ez-toc-link ez-toc-heading-2\" href=\"http:\/\/www.mutuelle-mat.fr\/blog\/pourquoi-souscrire-a-une-assurance-responsabilite-civile-pour-auto-entrepreneur\/603.html\/#Quelle_est_la_raison_sociale_dun_Auto-entrepreneur\" >Quelle est la raison sociale d&rsquo;un Auto-entrepreneur ?<\/a><\/li><li class='ez-toc-page-1 ez-toc-heading-level-3'><a class=\"ez-toc-link ez-toc-heading-3\" href=\"http:\/\/www.mutuelle-mat.fr\/blog\/pourquoi-souscrire-a-une-assurance-responsabilite-civile-pour-auto-entrepreneur\/603.html\/#Quelle_assurance_pour_Plaquiste\" >Quelle assurance pour Plaquiste ?<\/a><\/li><li class='ez-toc-page-1 ez-toc-heading-level-3'><a class=\"ez-toc-link ez-toc-heading-4\" href=\"http:\/\/www.mutuelle-mat.fr\/blog\/pourquoi-souscrire-a-une-assurance-responsabilite-civile-pour-auto-entrepreneur\/603.html\/#Quand_Faut-il_prendre_une_assurance_professionnelle\" >Quand Faut-il prendre une assurance professionnelle ?<\/a><\/li><li class='ez-toc-page-1 ez-toc-heading-level-3'><a class=\"ez-toc-link ez-toc-heading-5\" href=\"http:\/\/www.mutuelle-mat.fr\/blog\/pourquoi-souscrire-a-une-assurance-responsabilite-civile-pour-auto-entrepreneur\/603.html\/#Pourquoi_prendre_une_assurance_professionnelle\" >Pourquoi prendre une assurance professionnelle ?<\/a><\/li><li class='ez-toc-page-1 ez-toc-heading-level-3'><a class=\"ez-toc-link ez-toc-heading-6\" href=\"http:\/\/www.mutuelle-mat.fr\/blog\/pourquoi-souscrire-a-une-assurance-responsabilite-civile-pour-auto-entrepreneur\/603.html\/#Quelle_est_la_duree_de_la_garantie_decennale_pour_auto-entrepreneur\" >Quelle est la dur\u00e9e de la garantie d\u00e9cennale pour auto-entrepreneur?<\/a><\/li><li class='ez-toc-page-1 ez-toc-heading-level-3'><a class=\"ez-toc-link ez-toc-heading-7\" href=\"http:\/\/www.mutuelle-mat.fr\/blog\/pourquoi-souscrire-a-une-assurance-responsabilite-civile-pour-auto-entrepreneur\/603.html\/#Comment_souscrire_a_une_assurance_decennale_pour_autoentrepreneur\" >Comment souscrire \u00e0 une assurance d\u00e9cennale pour autoentrepreneur?<\/a><\/li><li class='ez-toc-page-1 ez-toc-heading-level-3'><a class=\"ez-toc-link ez-toc-heading-8\" href=\"http:\/\/www.mutuelle-mat.fr\/blog\/pourquoi-souscrire-a-une-assurance-responsabilite-civile-pour-auto-entrepreneur\/603.html\/#Quelle_est_la_responsabilite_decennale_des_auto-entrepreneurs\" >Quelle est la responsabilit\u00e9 d\u00e9cennale des auto-entrepreneurs?<\/a><\/li><li class='ez-toc-page-1 ez-toc-heading-level-3'><a class=\"ez-toc-link ez-toc-heading-9\" href=\"http:\/\/www.mutuelle-mat.fr\/blog\/pourquoi-souscrire-a-une-assurance-responsabilite-civile-pour-auto-entrepreneur\/603.html\/#Quelle_est_lobligation_dassurance_decennale\" >Quelle est l&#39;obligation d&#39;assurance d\u00e9cennale?<\/a><\/li><\/ul><\/nav><\/div>\n<h3 id=\"question-0\"><span class=\"ez-toc-section\" id=\"Pourquoi_souscrire_a_une_assurance_responsabilite_civile_pour_Auto-entrepreneur\"><\/span>Pourquoi souscrire \u00e0 une assurance responsabilit\u00e9 civile pour Auto-entrepreneur ?<span class=\"ez-toc-section-end\"><\/span><\/h3>\n<p>\u00c0 quoi sert l&rsquo;assurance RC Pro auto-entrepreneur ? &#8230; En souscrivant \u00e0 une assurance RC Pro auto-entrepreneur, vous serez ainsi couvert en cas de dommages corporels, mat\u00e9riels ou immat\u00e9riels que vous pourriez causer dans le cadre de votre activit\u00e9, qu&rsquo;il s&rsquo;agisse d&rsquo;une faute particuli\u00e8re ou d&rsquo;un accident.<\/p>\n<h3 id=\"question-1\"><span class=\"ez-toc-section\" id=\"Quelle_est_la_raison_sociale_dun_Auto-entrepreneur\"><\/span>Quelle est la raison sociale d&rsquo;un Auto-entrepreneur ?<span class=\"ez-toc-section-end\"><\/span><\/h3>\n<p>L&rsquo;auto-entrepreneur ne peut pas choisir sa raison sociale. En effet, l&rsquo;auto-entreprise n&rsquo;\u00e9tant pas une soci\u00e9t\u00e9, l&rsquo;auto-entrepreneur exerce son activit\u00e9 en son nom propre. Par cons\u00e9quent, la raison sociale d&rsquo;un auto-entrepreneur est tout simplement son nom de famille et \u00e9ventuellement son pr\u00e9nom.<\/p>\n<\/p>\n<h3 id=\"question-2\"><span class=\"ez-toc-section\" id=\"Quelle_assurance_pour_Plaquiste\"><\/span>Quelle assurance pour Plaquiste ?<span class=\"ez-toc-section-end\"><\/span><\/h3>\n<p>L&rsquo;assurance d\u00e9cennale couvre les travaux li\u00e9s au second \u0153uvre et r\u00e9alis\u00e9s par le pl\u00e2trier plaquiste. Cependant, les dommages qualifi\u00e9s d&rsquo;ordre esth\u00e9tique ne sont pas pris en charge par la garantie et seront couverts par d&rsquo;autres assurances, comme la garantie de parfait ach\u00e8vement des travaux ou la garantie biennale.<\/p>\n<h3 id=\"question-3\"><span class=\"ez-toc-section\" id=\"Quand_Faut-il_prendre_une_assurance_professionnelle\"><\/span>Quand Faut-il prendre une assurance professionnelle ?<span class=\"ez-toc-section-end\"><\/span><\/h3>\n<p>Quand faut-il souscrire une assurance RC Pro ? La question est l\u00e9gitime, car lorsque l&rsquo;activit\u00e9 est faible les risques semblent aussi l&rsquo;\u00eatre. Pourtant, le manque d&rsquo;exp\u00e9rience, la fatigue, le stress peuvent amener \u00e0 faire des erreurs et il est recommand\u00e9 de s&rsquo;assurer d\u00e8s lors que l&rsquo;activit\u00e9 commence.<\/p>\n<h3 id=\"question-4\"><span class=\"ez-toc-section\" id=\"Pourquoi_prendre_une_assurance_professionnelle\"><\/span>Pourquoi prendre une assurance professionnelle ?<span class=\"ez-toc-section-end\"><\/span><\/h3>\n<p>L&rsquo;assurance responsabilit\u00e9 civile professionnelle (RC Pro) a pour objet de vous prot\u00e9ger contre les cons\u00e9quences des erreurs, des fautes ou des omissions que vous pourriez commettre dans le cadre de votre activit\u00e9.<\/p>\n<\/p>\n<h3 id=\"question-5\"><span class=\"ez-toc-section\" id=\"Quelle_est_la_duree_de_la_garantie_decennale_pour_auto-entrepreneur\"><\/span>Quelle est la dur\u00e9e de la garantie d\u00e9cennale pour auto-entrepreneur?<span class=\"ez-toc-section-end\"><\/span><\/h3>\n<ul>\n<li>L\u2019assurance d\u00e9cennale pour auto-entrepreneur est contract\u00e9e sur une zone g\u00e9ographique d\u00e9finie. La dur\u00e9e de la garantie d\u00e9marre \u00e0 partir de la date de r\u00e9ception des travaux et ce pour une dur\u00e9e de 10 ans. <\/li>\n<\/ul>\n<h3 id=\"question-6\"><span class=\"ez-toc-section\" id=\"Comment_souscrire_a_une_assurance_decennale_pour_autoentrepreneur\"><\/span>Comment souscrire \u00e0 une assurance d\u00e9cennale pour autoentrepreneur?<span class=\"ez-toc-section-end\"><\/span><\/h3>\n<ul>\n<li>Souscrire \u00e0 une assurance d\u00e9cennale pour auto-entrepreneur se fait aupr\u00e8s de compagnies d\u2019assurance, de banque professionnelles ou de mutuelles d\u2019assurance en agence ou par t\u00e9l\u00e9phone. D\u2019autres assureurs proposent aussi des offres d\u00e9di\u00e9es d\u2019 assurance pro en ligne. <\/li>\n<\/ul>\n<h3 id=\"question-7\"><span class=\"ez-toc-section\" id=\"Quelle_est_la_responsabilite_decennale_des_auto-entrepreneurs\"><\/span>Quelle est la responsabilit\u00e9 d\u00e9cennale des auto-entrepreneurs?<span class=\"ez-toc-section-end\"><\/span><\/h3>\n<ul>\n<li>Toute personne physique ou morale, dont la responsabilit\u00e9 d\u00e9cennale peut \u00eatre engag\u00e9e, doit \u00eatre couverte par une assurance de responsabilit\u00e9 d\u00e9cennale. Cela inclut donc les auto-entrepreneurs le cas \u00e9ch\u00e9ant. <\/li>\n<\/ul>\n<h3 id=\"question-8\"><span class=\"ez-toc-section\" id=\"Quelle_est_lobligation_dassurance_decennale\"><\/span>Quelle est l&#39;obligation d&#39;assurance d\u00e9cennale?<span class=\"ez-toc-section-end\"><\/span><\/h3>\n<ul>\n<li>Principes de l\u2019obligation d&rsquo;assurance. L\u2019assurance d\u00e9cennale est une obligation pour tous les m\u00e9tiers du b\u00e2timent, quelque soit la forme juridique de l\u2019entreprise. Cela concerne donc \u00e9galement les auto-entrepreneurs. Comme son nom l&rsquo;indique, cette assurance prot\u00e8ge les propri\u00e9taires pendant 10 ans \u00e0 compter de la date de r\u00e9ception du chantier&#8230; <\/li>\n<\/ul>\n","protected":false},"excerpt":{"rendered":"<p>Pourquoi souscrire \u00e0 une assurance responsabilit\u00e9 civile pour Auto-entrepreneur ? \u00c0 quoi sert l&rsquo;assurance RC Pro auto-entrepreneur ? &#8230; En souscrivant \u00e0 une assurance RC Pro auto-entrepreneur, vous serez ainsi couvert en cas de dommages corporels, mat\u00e9riels ou immat\u00e9riels que vous pourriez causer dans le cadre de votre activit\u00e9, qu&rsquo;il<\/p>\n","protected":false},"author":1,"featured_media":520,"comment_status":"closed","ping_status":"closed","sticky":false,"template":"","format":"standard","meta":{"_seopress_robots_primary_cat":"","_seopress_titles_title":"","_seopress_titles_desc":"","_seopress_robots_index":"","footnotes":""},"categories":[8],"tags":[],"class_list":["post-603","post","type-post","status-publish","format-standard","has-post-thumbnail","hentry","category-prevoyance"],"_links":{"self":[{"href":"http:\/\/www.mutuelle-mat.fr\/blog\/wp-json\/wp\/v2\/posts\/603","targetHints":{"allow":["GET"]}}],"collection":[{"href":"http:\/\/www.mutuelle-mat.fr\/blog\/wp-json\/wp\/v2\/posts"}],"about":[{"href":"http:\/\/www.mutuelle-mat.fr\/blog\/wp-json\/wp\/v2\/types\/post"}],"author":[{"embeddable":true,"href":"http:\/\/www.mutuelle-mat.fr\/blog\/wp-json\/wp\/v2\/users\/1"}],"replies":[{"embeddable":true,"href":"http:\/\/www.mutuelle-mat.fr\/blog\/wp-json\/wp\/v2\/comments?post=603"}],"version-history":[{"count":0,"href":"http:\/\/www.mutuelle-mat.fr\/blog\/wp-json\/wp\/v2\/posts\/603\/revisions"}],"wp:featuredmedia":[{"embeddable":true,"href":"http:\/\/www.mutuelle-mat.fr\/blog\/wp-json\/wp\/v2\/media\/520"}],"wp:attachment":[{"href":"http:\/\/www.mutuelle-mat.fr\/blog\/wp-json\/wp\/v2\/media?parent=603"}],"wp:term":[{"taxonomy":"category","embeddable":true,"href":"http:\/\/www.mutuelle-mat.fr\/blog\/wp-json\/wp\/v2\/categories?post=603"},{"taxonomy":"post_tag","embeddable":true,"href":"http:\/\/www.mutuelle-mat.fr\/blog\/wp-json\/wp\/v2\/tags?post=603"}],"curies":[{"name":"wp","href":"https:\/\/api.w.org\/{rel}","templated":true}]}}