{"id":601,"date":"2022-10-23T02:00:34","date_gmt":"2022-10-23T02:00:34","guid":{"rendered":"http:\/\/www.mutuelle-mat.fr\/blog\/quelle-est-la-part-de-lassurance-dommage-dans-le-marche-francais-de-lassurance\/601.html"},"modified":"2022-10-23T02:00:34","modified_gmt":"2022-10-23T02:00:34","slug":"quelle-est-la-part-de-lassurance-dommage-dans-le-marche-francais-de-lassurance","status":"publish","type":"post","link":"http:\/\/www.mutuelle-mat.fr\/blog\/quelle-est-la-part-de-lassurance-dommage-dans-le-marche-francais-de-lassurance\/601.html","title":{"rendered":"Quelle est la part de l&rsquo;assurance dommage dans le march\u00e9 fran\u00e7ais de l&rsquo;assurance ?"},"content":{"rendered":"<p><img decoding=\"async\" src=\"https:\/\/i.ytimg.com\/vi\/y4tez5SREF8\/hq720.jpg?sqp=-oaymwEcCOgCEMoBSFXyq4qpAw4IARUAAIhCGAFwAcABBg==&#038;rs=AOn4CLCzILR-OiujLVJjJcFgwS7ZybGxOA\" alt=\"Quelle est la part de l'assurance dommage dans le march\u00e9 fran\u00e7ais de l'assurance ?\"><\/p>\n<div id=\"ez-toc-container\" class=\"ez-toc-v2_0_82_2 counter-hierarchy ez-toc-counter ez-toc-grey ez-toc-container-direction\">\n<p class=\"ez-toc-title\" style=\"cursor:inherit\">Sommaires<\/p>\n<label for=\"ez-toc-cssicon-toggle-item-6a988cb8bf1d7\" class=\"ez-toc-cssicon-toggle-label\"><span class=\"ez-toc-cssicon\"><span class=\"eztoc-hide\" style=\"display:none;\">Toggle<\/span><span class=\"ez-toc-icon-toggle-span\"><svg style=\"fill: #999;color:#999\" xmlns=\"http:\/\/www.w3.org\/2000\/svg\" class=\"list-377408\" width=\"20px\" height=\"20px\" viewBox=\"0 0 24 24\" fill=\"none\"><path d=\"M6 6H4v2h2V6zm14 0H8v2h12V6zM4 11h2v2H4v-2zm16 0H8v2h12v-2zM4 16h2v2H4v-2zm16 0H8v2h12v-2z\" fill=\"currentColor\"><\/path><\/svg><svg style=\"fill: #999;color:#999\" class=\"arrow-unsorted-368013\" xmlns=\"http:\/\/www.w3.org\/2000\/svg\" width=\"10px\" height=\"10px\" viewBox=\"0 0 24 24\" version=\"1.2\" baseProfile=\"tiny\"><path d=\"M18.2 9.3l-6.2-6.3-6.2 6.3c-.2.2-.3.4-.3.7s.1.5.3.7c.2.2.4.3.7.3h11c.3 0 .5-.1.7-.3.2-.2.3-.5.3-.7s-.1-.5-.3-.7zM5.8 14.7l6.2 6.3 6.2-6.3c.2-.2.3-.5.3-.7s-.1-.5-.3-.7c-.2-.2-.4-.3-.7-.3h-11c-.3 0-.5.1-.7.3-.2.2-.3.5-.3.7s.1.5.3.7z\"\/><\/svg><\/span><\/span><\/label><input type=\"checkbox\"  id=\"ez-toc-cssicon-toggle-item-6a988cb8bf1d7\"  aria-label=\"Toggle\" \/><nav><ul class='ez-toc-list ez-toc-list-level-1 ' ><li class='ez-toc-page-1 ez-toc-heading-level-3'><a class=\"ez-toc-link ez-toc-heading-1\" href=\"http:\/\/www.mutuelle-mat.fr\/blog\/quelle-est-la-part-de-lassurance-dommage-dans-le-marche-francais-de-lassurance\/601.html\/#Quelle_est_la_part_de_lassurance_dommage_dans_le_marche_francais_de_lassurance\" >Quelle est la part de l&rsquo;assurance dommage dans le march\u00e9 fran\u00e7ais de l&rsquo;assurance ?<\/a><\/li><li class='ez-toc-page-1 ez-toc-heading-level-3'><a class=\"ez-toc-link ez-toc-heading-2\" href=\"http:\/\/www.mutuelle-mat.fr\/blog\/quelle-est-la-part-de-lassurance-dommage-dans-le-marche-francais-de-lassurance\/601.html\/#Comment_fonctionne_le_marche_des_assurances\" >Comment fonctionne le march\u00e9 des assurances ?<\/a><\/li><li class='ez-toc-page-1 ez-toc-heading-level-3'><a class=\"ez-toc-link ez-toc-heading-3\" href=\"http:\/\/www.mutuelle-mat.fr\/blog\/quelle-est-la-part-de-lassurance-dommage-dans-le-marche-francais-de-lassurance\/601.html\/#Qui_a_cree_lassurance\" >Qui a cr\u00e9\u00e9 l&rsquo;assurance ?<\/a><\/li><li class='ez-toc-page-1 ez-toc-heading-level-3'><a class=\"ez-toc-link ez-toc-heading-4\" href=\"http:\/\/www.mutuelle-mat.fr\/blog\/quelle-est-la-part-de-lassurance-dommage-dans-le-marche-francais-de-lassurance\/601.html\/#Quelle_est_la_hausse_du_marche_de_lassurance_francaise_en_2020\" >Quelle est la hausse du march\u00e9 de l\u2019assurance fran\u00e7aise en 2020?<\/a><\/li><li class='ez-toc-page-1 ez-toc-heading-level-3'><a class=\"ez-toc-link ez-toc-heading-5\" href=\"http:\/\/www.mutuelle-mat.fr\/blog\/quelle-est-la-part-de-lassurance-dommage-dans-le-marche-francais-de-lassurance\/601.html\/#Quelle_est_la_rationalite_du_marche_de_lassurance\" >Quelle est la rationalit\u00e9 du march\u00e9 de l\u2019assurance?<\/a><\/li><li class='ez-toc-page-1 ez-toc-heading-level-3'><a class=\"ez-toc-link ez-toc-heading-6\" href=\"http:\/\/www.mutuelle-mat.fr\/blog\/quelle-est-la-part-de-lassurance-dommage-dans-le-marche-francais-de-lassurance\/601.html\/#Quel_est_le_marche_de_lassurance_vie_sur_le_mois_de_juin\" >Quel est le march\u00e9 de l\u2019assurance vie sur le mois de juin?<\/a><\/li><li class='ez-toc-page-1 ez-toc-heading-level-3'><a class=\"ez-toc-link ez-toc-heading-7\" href=\"http:\/\/www.mutuelle-mat.fr\/blog\/quelle-est-la-part-de-lassurance-dommage-dans-le-marche-francais-de-lassurance\/601.html\/#Quel_est_le_marche_des_assurances_sante_et_prevoyance\" >Quel est le march\u00e9 des assurances sant\u00e9 et pr\u00e9voyance?<\/a><\/li><\/ul><\/nav><\/div>\n<h3 id=\"question-0\"><span class=\"ez-toc-section\" id=\"Quelle_est_la_part_de_lassurance_dommage_dans_le_marche_francais_de_lassurance\"><\/span>Quelle est la part de l&rsquo;assurance dommage dans le march\u00e9 fran\u00e7ais de l&rsquo;assurance ?<span class=\"ez-toc-section-end\"><\/span><\/h3>\n<p>Pour les assurances dommages aux biens des particuliers et dommages aux biens des professionnels et agricoles, les ratios combin\u00e9s se d\u00e9gradent passant respectivement \u00e0 97,3% (94% en 2019) et 120,8% (95% en 2019).<\/p>\n<h3 id=\"question-1\"><span class=\"ez-toc-section\" id=\"Comment_fonctionne_le_marche_des_assurances\"><\/span>Comment fonctionne le march\u00e9 des assurances ?<span class=\"ez-toc-section-end\"><\/span><\/h3>\n<p>La coassurance consiste en un partage proportionnel d&rsquo;un m\u00eame risque entre plusieurs assureurs. La r\u00e9assurance est une op\u00e9ration par laquelle une soci\u00e9t\u00e9 d&rsquo;assurances (la c\u00e9dante) s&rsquo;assure elle-m\u00eame aupr\u00e8s d&rsquo;une autre soci\u00e9t\u00e9 (le r\u00e9assureur ou le cessionnaire) pour une partie des risques qu&rsquo;elle a pris en charge.<\/p>\n<\/p>\n<h3 id=\"question-2\"><span class=\"ez-toc-section\" id=\"Qui_a_cree_lassurance\"><\/span>Qui a cr\u00e9\u00e9 l&rsquo;assurance ?<span class=\"ez-toc-section-end\"><\/span><\/h3>\n<p>Au sens moderne, l&rsquo;assurance remonte au grand incendie de Londres de 1666, qui d\u00e9truisit 13 200 b\u00e2timents. \u00c0 la suite de cet incendie, Nicholas Barbon ouvre un bureau pour assurer les b\u00e2timents. Aux \u00c9tats-Unis, la premi\u00e8re compagnie est cr\u00e9\u00e9e en 1732.<\/p>\n<h3 id=\"question-3\"><span class=\"ez-toc-section\" id=\"Quelle_est_la_hausse_du_marche_de_lassurance_francaise_en_2020\"><\/span>Quelle est la hausse du march\u00e9 de l\u2019assurance fran\u00e7aise en 2020?<span class=\"ez-toc-section-end\"><\/span><\/h3>\n<ul>\n<li>Dynamique du march\u00e9 de l\u2019assurance fran\u00e7ais en 2020. D\u2019apr\u00e8s l\u2019analyse, l\u2019assurance IARD \u2013 pour Incendie, Accidents et Risques Divers \u2013 affiche une hausse de 2,9 % de ses primes tant pour le march\u00e9 des professionnels que des particuliers en 2018, contre 2,. <\/li>\n<\/ul>\n<h3 id=\"question-4\"><span class=\"ez-toc-section\" id=\"Quelle_est_la_rationalite_du_marche_de_lassurance\"><\/span>Quelle est la rationalit\u00e9 du march\u00e9 de l\u2019assurance?<span class=\"ez-toc-section-end\"><\/span><\/h3>\n<ul>\n<li>March\u00e9 de l\u2019assurance : la rationalit\u00e9 \u00e0 l\u2019\u00e8re des transformations soci\u00e9tales. L\u2019entreprise internationale de conseil et de courtage Gras Savoye Willis Towers Watson a r\u00e9cemment publi\u00e9 son analyse de l\u2019\u00e9volution du march\u00e9 de l\u2019assurance fran\u00e7ais 2020 et ses notes de conjoncture. L\u2019\u00e9volution devrait \u00eatre positive, avec, de mani\u00e8re g\u00e9n\u00e9rale, &#8230; <\/li>\n<\/ul>\n<h3 id=\"question-5\"><span class=\"ez-toc-section\" id=\"Quel_est_le_marche_de_lassurance_vie_sur_le_mois_de_juin\"><\/span>Quel est le march\u00e9 de l\u2019assurance vie sur le mois de juin?<span class=\"ez-toc-section-end\"><\/span><\/h3>\n<ul>\n<li>Les chiffres du march\u00e9 de l\u2019assurance vie sur le mois de juin confirment la tendance constat\u00e9e depuis plusieurs mois : une part croissante des placements en UC et un d\u00e9veloppement rapide des Plans d\u2019\u00c9pargne Retraite (PER). <\/li>\n<\/ul>\n<h3 id=\"question-6\"><span class=\"ez-toc-section\" id=\"Quel_est_le_marche_des_assurances_sante_et_prevoyance\"><\/span>Quel est le march\u00e9 des assurances sant\u00e9 et pr\u00e9voyance?<span class=\"ez-toc-section-end\"><\/span><\/h3>\n<ul>\n<li>En 2018, selon les donn\u00e9es collect\u00e9es par le CTIP, la FFA et la FNMF, le march\u00e9 des assurances sant\u00e9 et pr\u00e9voyance progresse de 2,8 % et repr\u00e9sente 60,3 Md\u20ac de cotisations (1). Cette croissance est un peu plus forte pour les contrats collectifs (+3,3 % contre +2,4 % pour les contrats individuels). <\/li>\n<\/ul>\n","protected":false},"excerpt":{"rendered":"<p>Quelle est la part de l&rsquo;assurance dommage dans le march\u00e9 fran\u00e7ais de l&rsquo;assurance ? Pour les assurances dommages aux biens des particuliers et dommages aux biens des professionnels et agricoles, les ratios combin\u00e9s se d\u00e9gradent passant respectivement \u00e0 97,3% (94% en 2019) et 120,8% (95% en 2019). Comment fonctionne le<\/p>\n","protected":false},"author":1,"featured_media":602,"comment_status":"closed","ping_status":"closed","sticky":false,"template":"","format":"standard","meta":{"_seopress_robots_primary_cat":"","_seopress_titles_title":"","_seopress_titles_desc":"","_seopress_robots_index":"","footnotes":""},"categories":[8],"tags":[],"class_list":["post-601","post","type-post","status-publish","format-standard","has-post-thumbnail","hentry","category-prevoyance"],"_links":{"self":[{"href":"http:\/\/www.mutuelle-mat.fr\/blog\/wp-json\/wp\/v2\/posts\/601","targetHints":{"allow":["GET"]}}],"collection":[{"href":"http:\/\/www.mutuelle-mat.fr\/blog\/wp-json\/wp\/v2\/posts"}],"about":[{"href":"http:\/\/www.mutuelle-mat.fr\/blog\/wp-json\/wp\/v2\/types\/post"}],"author":[{"embeddable":true,"href":"http:\/\/www.mutuelle-mat.fr\/blog\/wp-json\/wp\/v2\/users\/1"}],"replies":[{"embeddable":true,"href":"http:\/\/www.mutuelle-mat.fr\/blog\/wp-json\/wp\/v2\/comments?post=601"}],"version-history":[{"count":0,"href":"http:\/\/www.mutuelle-mat.fr\/blog\/wp-json\/wp\/v2\/posts\/601\/revisions"}],"wp:featuredmedia":[{"embeddable":true,"href":"http:\/\/www.mutuelle-mat.fr\/blog\/wp-json\/wp\/v2\/media\/602"}],"wp:attachment":[{"href":"http:\/\/www.mutuelle-mat.fr\/blog\/wp-json\/wp\/v2\/media?parent=601"}],"wp:term":[{"taxonomy":"category","embeddable":true,"href":"http:\/\/www.mutuelle-mat.fr\/blog\/wp-json\/wp\/v2\/categories?post=601"},{"taxonomy":"post_tag","embeddable":true,"href":"http:\/\/www.mutuelle-mat.fr\/blog\/wp-json\/wp\/v2\/tags?post=601"}],"curies":[{"name":"wp","href":"https:\/\/api.w.org\/{rel}","templated":true}]}}