{"id":571,"date":"2022-10-20T02:00:34","date_gmt":"2022-10-20T02:00:34","guid":{"rendered":"http:\/\/www.mutuelle-mat.fr\/blog\/cest-quoi-la-reforme-de-lassurance-chomage\/571.html"},"modified":"2022-10-20T02:00:34","modified_gmt":"2022-10-20T02:00:34","slug":"cest-quoi-la-reforme-de-lassurance-chomage","status":"publish","type":"post","link":"http:\/\/www.mutuelle-mat.fr\/blog\/cest-quoi-la-reforme-de-lassurance-chomage\/571.html","title":{"rendered":"C&rsquo;est quoi la r\u00e9forme de l&rsquo;assurance ch\u00f4mage ?"},"content":{"rendered":"<p><img decoding=\"async\" src=\"https:\/\/i.ytimg.com\/vi\/VWJJ-wbJu7s\/hq720.jpg?sqp=-oaymwEcCOgCEMoBSFXyq4qpAw4IARUAAIhCGAFwAcABBg==&#038;rs=AOn4CLCNdn7eqdDBtmplIamJxZY2OEq--g\" alt=\"C'est quoi la r\u00e9forme de l'assurance ch\u00f4mage ?\"><\/p>\n<div id=\"ez-toc-container\" class=\"ez-toc-v2_0_82_2 counter-hierarchy ez-toc-counter ez-toc-grey ez-toc-container-direction\">\n<p class=\"ez-toc-title\" style=\"cursor:inherit\">Sommaires<\/p>\n<label for=\"ez-toc-cssicon-toggle-item-6a989abfbc232\" class=\"ez-toc-cssicon-toggle-label\"><span class=\"ez-toc-cssicon\"><span class=\"eztoc-hide\" style=\"display:none;\">Toggle<\/span><span class=\"ez-toc-icon-toggle-span\"><svg style=\"fill: #999;color:#999\" xmlns=\"http:\/\/www.w3.org\/2000\/svg\" class=\"list-377408\" width=\"20px\" height=\"20px\" viewBox=\"0 0 24 24\" fill=\"none\"><path d=\"M6 6H4v2h2V6zm14 0H8v2h12V6zM4 11h2v2H4v-2zm16 0H8v2h12v-2zM4 16h2v2H4v-2zm16 0H8v2h12v-2z\" fill=\"currentColor\"><\/path><\/svg><svg style=\"fill: #999;color:#999\" class=\"arrow-unsorted-368013\" xmlns=\"http:\/\/www.w3.org\/2000\/svg\" width=\"10px\" height=\"10px\" viewBox=\"0 0 24 24\" version=\"1.2\" baseProfile=\"tiny\"><path d=\"M18.2 9.3l-6.2-6.3-6.2 6.3c-.2.2-.3.4-.3.7s.1.5.3.7c.2.2.4.3.7.3h11c.3 0 .5-.1.7-.3.2-.2.3-.5.3-.7s-.1-.5-.3-.7zM5.8 14.7l6.2 6.3 6.2-6.3c.2-.2.3-.5.3-.7s-.1-.5-.3-.7c-.2-.2-.4-.3-.7-.3h-11c-.3 0-.5.1-.7.3-.2.2-.3.5-.3.7s.1.5.3.7z\"\/><\/svg><\/span><\/span><\/label><input type=\"checkbox\"  id=\"ez-toc-cssicon-toggle-item-6a989abfbc232\"  aria-label=\"Toggle\" \/><nav><ul class='ez-toc-list ez-toc-list-level-1 ' ><li class='ez-toc-page-1 ez-toc-heading-level-3'><a class=\"ez-toc-link ez-toc-heading-1\" href=\"http:\/\/www.mutuelle-mat.fr\/blog\/cest-quoi-la-reforme-de-lassurance-chomage\/571.html\/#Cest_quoi_la_reforme_de_lassurance_chomage\" >C&rsquo;est quoi la r\u00e9forme de l&rsquo;assurance ch\u00f4mage ?<\/a><\/li><li class='ez-toc-page-1 ez-toc-heading-level-3'><a class=\"ez-toc-link ez-toc-heading-2\" href=\"http:\/\/www.mutuelle-mat.fr\/blog\/cest-quoi-la-reforme-de-lassurance-chomage\/571.html\/#Qui_a_cree_lassurance_chomage\" >Qui a cr\u00e9\u00e9 l&rsquo;assurance ch\u00f4mage ?<\/a><\/li><li class='ez-toc-page-1 ez-toc-heading-level-3'><a class=\"ez-toc-link ez-toc-heading-3\" href=\"http:\/\/www.mutuelle-mat.fr\/blog\/cest-quoi-la-reforme-de-lassurance-chomage\/571.html\/#Qui_collecte_lassurance_chomage\" >Qui collecte l&rsquo;assurance ch\u00f4mage ?<\/a><\/li><li class='ez-toc-page-1 ez-toc-heading-level-3'><a class=\"ez-toc-link ez-toc-heading-4\" href=\"http:\/\/www.mutuelle-mat.fr\/blog\/cest-quoi-la-reforme-de-lassurance-chomage\/571.html\/#Quand_a_ete_cree_lANPE\" >Quand a \u00e9t\u00e9 cr\u00e9\u00e9 l&rsquo;ANPE ?<\/a><\/li><li class='ez-toc-page-1 ez-toc-heading-level-3'><a class=\"ez-toc-link ez-toc-heading-5\" href=\"http:\/\/www.mutuelle-mat.fr\/blog\/cest-quoi-la-reforme-de-lassurance-chomage\/571.html\/#Quel_est_lancien_nom_de_lorganisme_qui_verse_les_allocations_de_chomage\" >Quel est l&rsquo;ancien nom de l&rsquo;organisme qui verse les allocations de ch\u00f4mage ?<\/a><\/li><li class='ez-toc-page-1 ez-toc-heading-level-3'><a class=\"ez-toc-link ez-toc-heading-6\" href=\"http:\/\/www.mutuelle-mat.fr\/blog\/cest-quoi-la-reforme-de-lassurance-chomage\/571.html\/#Qui_collecte_lAGS\" >Qui collecte l&rsquo;AGS ?<\/a><\/li><li class='ez-toc-page-1 ez-toc-heading-level-3'><a class=\"ez-toc-link ez-toc-heading-7\" href=\"http:\/\/www.mutuelle-mat.fr\/blog\/cest-quoi-la-reforme-de-lassurance-chomage\/571.html\/#Quelle_est_la_cotisation_de_lassurance_chomage\" >Quelle est la cotisation de l&#39;assurance ch\u00f4mage?<\/a><\/li><li class='ez-toc-page-1 ez-toc-heading-level-3'><a class=\"ez-toc-link ez-toc-heading-8\" href=\"http:\/\/www.mutuelle-mat.fr\/blog\/cest-quoi-la-reforme-de-lassurance-chomage\/571.html\/#Comment_fonctionne_lassurance_chomage\" >Comment fonctionne l\u2019assurance ch\u00f4mage?<\/a><\/li><li class='ez-toc-page-1 ez-toc-heading-level-3'><a class=\"ez-toc-link ez-toc-heading-9\" href=\"http:\/\/www.mutuelle-mat.fr\/blog\/cest-quoi-la-reforme-de-lassurance-chomage\/571.html\/#Comment_participe_lEtat_au_financement_de_lassurance_chomage\" >Comment participe l&#39;\u00c9tat au financement de l&#39;assurance ch\u00f4mage?<\/a><\/li><li class='ez-toc-page-1 ez-toc-heading-level-3'><a class=\"ez-toc-link ez-toc-heading-10\" href=\"http:\/\/www.mutuelle-mat.fr\/blog\/cest-quoi-la-reforme-de-lassurance-chomage\/571.html\/#Comment_avez-vous_droit_aux_prestations_de_lassurance-emploi\" >Comment avez-vous droit aux prestations de l&#39;assurance-emploi?<\/a><\/li><\/ul><\/nav><\/div>\n<h3 id=\"question-0\"><span class=\"ez-toc-section\" id=\"Cest_quoi_la_reforme_de_lassurance_chomage\"><\/span>C&rsquo;est quoi la r\u00e9forme de l&rsquo;assurance ch\u00f4mage ?<span class=\"ez-toc-section-end\"><\/span><\/h3>\n<p>La r\u00e9forme de l&rsquo;assurance-ch\u00f4mage pr\u00e9voit d&rsquo;instaurer un syst\u00e8me de bonus-malus dans les entreprises de plus de 11 salari\u00e9s. Celui-ci vise \u00e0 inciter les employeurs \u00e0 proposer plus de contrats \u00e0 dur\u00e9e ind\u00e9termin\u00e9e et des contrats \u00e0 dur\u00e9e d\u00e9termin\u00e9e plus longs.<\/p>\n<h3 id=\"question-1\"><span class=\"ez-toc-section\" id=\"Qui_a_cree_lassurance_chomage\"><\/span>Qui a cr\u00e9\u00e9 l&rsquo;assurance ch\u00f4mage ?<span class=\"ez-toc-section-end\"><\/span><\/h3>\n<p>Le patronat (CNPF) et plusieurs syndicats (CFTC, CGC et CGT-FO) signent la premi\u00e8re convention d&rsquo;assurance ch\u00f4mage apr\u00e8s une n\u00e9gociation engag\u00e9e en octobre 1958, sous l&rsquo;impulsion du G\u00e9n\u00e9ral de Gaulle. Ils donnent naissance \u00e0 un r\u00e9gime, alors con\u00e7u pour \u00eatre compl\u00e9mentaire des aides publiques existantes.<\/p>\n<\/p>\n<h3 id=\"question-2\"><span class=\"ez-toc-section\" id=\"Qui_collecte_lassurance_chomage\"><\/span>Qui collecte l&rsquo;assurance ch\u00f4mage ?<span class=\"ez-toc-section-end\"><\/span><\/h3>\n<p>L&rsquo;Unedic g\u00e8re l&rsquo;Assurance ch\u00f4mage L&rsquo;Unedic met en \u0153uvre les r\u00e8gles d&rsquo;assurance ch\u00f4mage n\u00e9goci\u00e9es par les partenaires sociaux. Elle confie cette mise en \u0153uvre op\u00e9rationnelle aux organismes de s\u00e9curit\u00e9 sociale pour collecter les cotisations et \u00e0 P\u00f4le emploi pour verser les allocations.<\/p>\n<h3 id=\"question-3\"><span class=\"ez-toc-section\" id=\"Quand_a_ete_cree_lANPE\"><\/span>Quand a \u00e9t\u00e9 cr\u00e9\u00e9 l&rsquo;ANPE ?<span class=\"ez-toc-section-end\"><\/span><\/h3>\n<p>13 juillet 1967<br \/>\nAgence nationale pour l&#8217;emploi\/Cr\u00e9ation<\/p>\n<h3 id=\"question-4\"><span class=\"ez-toc-section\" id=\"Quel_est_lancien_nom_de_lorganisme_qui_verse_les_allocations_de_chomage\"><\/span>Quel est l&rsquo;ancien nom de l&rsquo;organisme qui verse les allocations de ch\u00f4mage ?<span class=\"ez-toc-section-end\"><\/span><\/h3>\n<p>L&rsquo;Un\u00e9dic, une association loi de 1901 5422-20 du code du travail. Depuis 2001, le nom \u00ab Un\u00e9dic \u00bb n&rsquo;est plus un acronyme mais une marque et donc un nom propre.<\/p>\n<\/p>\n<h3 id=\"question-5\"><span class=\"ez-toc-section\" id=\"Qui_collecte_lAGS\"><\/span>Qui collecte l&rsquo;AGS ?<span class=\"ez-toc-section-end\"><\/span><\/h3>\n<p>L&rsquo; AGS est exclusivement pay\u00e9e par l&#8217;employeur. C&rsquo;est une cotisation patronale et non salariale.<\/p>\n<h3 id=\"question-6\"><span class=\"ez-toc-section\" id=\"Quelle_est_la_cotisation_de_lassurance_chomage\"><\/span>Quelle est la cotisation de l&#39;assurance ch\u00f4mage?<span class=\"ez-toc-section-end\"><\/span><\/h3>\n<ul>\n<li>Ces cotisations repr\u00e9sentent 4,05 % du salaire brut, \u00e0 la charge de l\u2019employeur. L&rsquo;\u00c9tat participe \u00e9galement au financement de l&rsquo;Assurance ch\u00f4mage. Depuis janvier 2019, ce financement prend la forme du versement d&rsquo;une partie de CSG. <\/li>\n<\/ul>\n<h3 id=\"question-7\"><span class=\"ez-toc-section\" id=\"Comment_fonctionne_lassurance_chomage\"><\/span>Comment fonctionne l\u2019assurance ch\u00f4mage?<span class=\"ez-toc-section-end\"><\/span><\/h3>\n<ul>\n<li>L\u2019Assurance cho\u0302mage indemnise les personnes qui ont perdu leur emploi en proportion de leur ancien salaire et favorise leur retour a\u0300 l\u2019emploi. Ce syste\u0300me contributif repose sur la solidarite\u0301 et la mutualisation des risques, tous secteurs d\u2019activite\u0301 et toutes professions confondus. <\/li>\n<\/ul>\n<h3 id=\"question-8\"><span class=\"ez-toc-section\" id=\"Comment_participe_lEtat_au_financement_de_lassurance_chomage\"><\/span>Comment participe l&#39;\u00c9tat au financement de l&#39;assurance ch\u00f4mage?<span class=\"ez-toc-section-end\"><\/span><\/h3>\n<ul>\n<li>L&rsquo;\u00c9tat participe \u00e9galement au financement de l&rsquo;Assurance ch\u00f4mage. Depuis janvier 2019, ce financement prend la forme du versement d&rsquo;une partie de CSG. Gr\u00e2ce \u00e0 ces ressources, les salari\u00e9s qui perdent leur emploi de fa\u00e7on involontaire peuvent toucher un revenu sous forme d\u2019allocation \u00e0 condition d\u2019avoir travaill\u00e9 assez longtemps. <\/li>\n<\/ul>\n<h3 id=\"question-9\"><span class=\"ez-toc-section\" id=\"Comment_avez-vous_droit_aux_prestations_de_lassurance-emploi\"><\/span>Comment avez-vous droit aux prestations de l&#39;assurance-emploi?<span class=\"ez-toc-section-end\"><\/span><\/h3>\n<ul>\n<li>Vous pourriez avoir droit aux prestations r\u00e9guli\u00e8res de l&rsquo;assurance-emploi si : vous n&rsquo;avez pas travaill\u00e9 et vous n&rsquo;avez pas re\u00e7u de salaire pendant au moins sept jours cons\u00e9cutifs au cours des 52 derni\u00e8res semaines; <\/li>\n<\/ul>\n","protected":false},"excerpt":{"rendered":"<p>C&rsquo;est quoi la r\u00e9forme de l&rsquo;assurance ch\u00f4mage ? La r\u00e9forme de l&rsquo;assurance-ch\u00f4mage pr\u00e9voit d&rsquo;instaurer un syst\u00e8me de bonus-malus dans les entreprises de plus de 11 salari\u00e9s. Celui-ci vise \u00e0 inciter les employeurs \u00e0 proposer plus de contrats \u00e0 dur\u00e9e ind\u00e9termin\u00e9e et des contrats \u00e0 dur\u00e9e d\u00e9termin\u00e9e plus longs. Qui a<\/p>\n","protected":false},"author":1,"featured_media":559,"comment_status":"closed","ping_status":"closed","sticky":false,"template":"","format":"standard","meta":{"_seopress_robots_primary_cat":"","_seopress_titles_title":"","_seopress_titles_desc":"","_seopress_robots_index":"","footnotes":""},"categories":[8],"tags":[],"class_list":["post-571","post","type-post","status-publish","format-standard","has-post-thumbnail","hentry","category-prevoyance"],"_links":{"self":[{"href":"http:\/\/www.mutuelle-mat.fr\/blog\/wp-json\/wp\/v2\/posts\/571","targetHints":{"allow":["GET"]}}],"collection":[{"href":"http:\/\/www.mutuelle-mat.fr\/blog\/wp-json\/wp\/v2\/posts"}],"about":[{"href":"http:\/\/www.mutuelle-mat.fr\/blog\/wp-json\/wp\/v2\/types\/post"}],"author":[{"embeddable":true,"href":"http:\/\/www.mutuelle-mat.fr\/blog\/wp-json\/wp\/v2\/users\/1"}],"replies":[{"embeddable":true,"href":"http:\/\/www.mutuelle-mat.fr\/blog\/wp-json\/wp\/v2\/comments?post=571"}],"version-history":[{"count":0,"href":"http:\/\/www.mutuelle-mat.fr\/blog\/wp-json\/wp\/v2\/posts\/571\/revisions"}],"wp:featuredmedia":[{"embeddable":true,"href":"http:\/\/www.mutuelle-mat.fr\/blog\/wp-json\/wp\/v2\/media\/559"}],"wp:attachment":[{"href":"http:\/\/www.mutuelle-mat.fr\/blog\/wp-json\/wp\/v2\/media?parent=571"}],"wp:term":[{"taxonomy":"category","embeddable":true,"href":"http:\/\/www.mutuelle-mat.fr\/blog\/wp-json\/wp\/v2\/categories?post=571"},{"taxonomy":"post_tag","embeddable":true,"href":"http:\/\/www.mutuelle-mat.fr\/blog\/wp-json\/wp\/v2\/tags?post=571"}],"curies":[{"name":"wp","href":"https:\/\/api.w.org\/{rel}","templated":true}]}}