{"id":500,"date":"2022-10-13T02:00:35","date_gmt":"2022-10-13T02:00:35","guid":{"rendered":"http:\/\/www.mutuelle-mat.fr\/blog\/comment-savoir-si-on-est-admissible-a-lassurance-emploi\/500.html"},"modified":"2022-10-13T02:00:35","modified_gmt":"2022-10-13T02:00:35","slug":"comment-savoir-si-on-est-admissible-a-lassurance-emploi","status":"publish","type":"post","link":"http:\/\/www.mutuelle-mat.fr\/blog\/comment-savoir-si-on-est-admissible-a-lassurance-emploi\/500.html","title":{"rendered":"Comment savoir si on est admissible \u00e0 l&rsquo;Assurance-emploi ?"},"content":{"rendered":"<p><img decoding=\"async\" src=\"https:\/\/i.ytimg.com\/vi\/nroY9BZyPb0\/hq720.jpg?sqp=-oaymwEcCOgCEMoBSFXyq4qpAw4IARUAAIhCGAFwAcABBg==&#038;rs=AOn4CLDtx7mf23cr6MLtSXlLSxZBkwJ71w\" alt=\"Comment savoir si on est admissible \u00e0 l'Assurance-emploi ?\"><\/p>\n<div id=\"ez-toc-container\" class=\"ez-toc-v2_0_82_2 counter-hierarchy ez-toc-counter ez-toc-grey ez-toc-container-direction\">\n<p class=\"ez-toc-title\" style=\"cursor:inherit\">Sommaires<\/p>\n<label for=\"ez-toc-cssicon-toggle-item-6a98de909a894\" class=\"ez-toc-cssicon-toggle-label\"><span class=\"ez-toc-cssicon\"><span class=\"eztoc-hide\" style=\"display:none;\">Toggle<\/span><span class=\"ez-toc-icon-toggle-span\"><svg style=\"fill: #999;color:#999\" xmlns=\"http:\/\/www.w3.org\/2000\/svg\" class=\"list-377408\" width=\"20px\" height=\"20px\" viewBox=\"0 0 24 24\" fill=\"none\"><path d=\"M6 6H4v2h2V6zm14 0H8v2h12V6zM4 11h2v2H4v-2zm16 0H8v2h12v-2zM4 16h2v2H4v-2zm16 0H8v2h12v-2z\" fill=\"currentColor\"><\/path><\/svg><svg style=\"fill: #999;color:#999\" class=\"arrow-unsorted-368013\" xmlns=\"http:\/\/www.w3.org\/2000\/svg\" width=\"10px\" height=\"10px\" viewBox=\"0 0 24 24\" version=\"1.2\" baseProfile=\"tiny\"><path d=\"M18.2 9.3l-6.2-6.3-6.2 6.3c-.2.2-.3.4-.3.7s.1.5.3.7c.2.2.4.3.7.3h11c.3 0 .5-.1.7-.3.2-.2.3-.5.3-.7s-.1-.5-.3-.7zM5.8 14.7l6.2 6.3 6.2-6.3c.2-.2.3-.5.3-.7s-.1-.5-.3-.7c-.2-.2-.4-.3-.7-.3h-11c-.3 0-.5.1-.7.3-.2.2-.3.5-.3.7s.1.5.3.7z\"\/><\/svg><\/span><\/span><\/label><input type=\"checkbox\"  id=\"ez-toc-cssicon-toggle-item-6a98de909a894\"  aria-label=\"Toggle\" \/><nav><ul class='ez-toc-list ez-toc-list-level-1 ' ><li class='ez-toc-page-1 ez-toc-heading-level-3'><a class=\"ez-toc-link ez-toc-heading-1\" href=\"http:\/\/www.mutuelle-mat.fr\/blog\/comment-savoir-si-on-est-admissible-a-lassurance-emploi\/500.html\/#Comment_savoir_si_on_est_admissible_a_lAssurance-emploi\" >Comment savoir si on est admissible \u00e0 l&rsquo;Assurance-emploi ?<\/a><\/li><li class='ez-toc-page-1 ez-toc-heading-level-3'><a class=\"ez-toc-link ez-toc-heading-2\" href=\"http:\/\/www.mutuelle-mat.fr\/blog\/comment-savoir-si-on-est-admissible-a-lassurance-emploi\/500.html\/#Est-ce_que_le_statut_de_demandeur_demploi_est_compatible_avec_celui_detudiant\" >Est-ce que le statut de demandeur d&#39;emploi est compatible avec celui d&#39;\u00e9tudiant?<\/a><\/li><li class='ez-toc-page-1 ez-toc-heading-level-3'><a class=\"ez-toc-link ez-toc-heading-3\" href=\"http:\/\/www.mutuelle-mat.fr\/blog\/comment-savoir-si-on-est-admissible-a-lassurance-emploi\/500.html\/#Est-ce_que_les_travailleurs_ou_les_demandeurs_demploi_sont_etudiants\" >Est-ce que les travailleurs ou les demandeurs d\u2019emploi sont \u00e9tudiants?<\/a><\/li><li class='ez-toc-page-1 ez-toc-heading-level-3'><a class=\"ez-toc-link ez-toc-heading-4\" href=\"http:\/\/www.mutuelle-mat.fr\/blog\/comment-savoir-si-on-est-admissible-a-lassurance-emploi\/500.html\/#Quelle_est_la_definition_du_statut_etudiant\" >Quelle est la d\u00e9finition du statut \u00e9tudiant?<\/a><\/li><li class='ez-toc-page-1 ez-toc-heading-level-3'><a class=\"ez-toc-link ez-toc-heading-5\" href=\"http:\/\/www.mutuelle-mat.fr\/blog\/comment-savoir-si-on-est-admissible-a-lassurance-emploi\/500.html\/#Quand_peut-on_avoir_un_job_detudiant\" >Quand peut-on avoir un job d&#39;\u00e9tudiant?<\/a><\/li><\/ul><\/nav><\/div>\n<h3 id=\"question-0\"><span class=\"ez-toc-section\" id=\"Comment_savoir_si_on_est_admissible_a_lAssurance-emploi\"><\/span>Comment savoir si on est admissible \u00e0 l&rsquo;Assurance-emploi ?<span class=\"ez-toc-section-end\"><\/span><\/h3>\n<p>Vous devez seulement avoir accumul\u00e9 420 heures d&#8217;emploi assurable pendant la p\u00e9riode de r\u00e9f\u00e9rence pour \u00eatre admissibles \u00e0 l&rsquo;assurance-emploi. Si vous avez re\u00e7u un avis de violation, vous pourriez devoir accumuler plus d&rsquo;heures d&#8217;emploi assurables pour avoir droit \u00e0 des prestations.<\/p>\n<h3 id=\"question-1\"><span class=\"ez-toc-section\" id=\"Est-ce_que_le_statut_de_demandeur_demploi_est_compatible_avec_celui_detudiant\"><\/span>Est-ce que le statut de demandeur d&#39;emploi est compatible avec celui d&#39;\u00e9tudiant?<span class=\"ez-toc-section-end\"><\/span><\/h3>\n<ul>\n<li>Le statut de demandeur d&#8217;emploi ne peut pas \u00eatre compatible avec celui d&rsquo;\u00e9tudiant&#8230; sauf dans de rares cas o\u00f9 la formation entreprise est financ\u00e9e par Pole Emploi dans le cadre de l&rsquo;AREF. Ce n&rsquo;est apparemment pas votre cas. <\/li>\n<\/ul>\n<h3 id=\"question-2\"><span class=\"ez-toc-section\" id=\"Est-ce_que_les_travailleurs_ou_les_demandeurs_demploi_sont_etudiants\"><\/span>Est-ce que les travailleurs ou les demandeurs d\u2019emploi sont \u00e9tudiants?<span class=\"ez-toc-section-end\"><\/span><\/h3>\n<ul>\n<li>\u00a0A titre d\u2019exemple, les travailleurs ou les demandeurs d\u2019emploi qui suivent une formation ou des \u00e9tudes ne peuvent pas \u00eatre consid\u00e9r\u00e9s comme ayant le statut d\u2019\u00e9tudiant au sens de la loi car ils ne sont pas \u00e9tudiants \u00e0 titre principal. <\/li>\n<\/ul>\n<h3 id=\"question-3\"><span class=\"ez-toc-section\" id=\"Quelle_est_la_definition_du_statut_etudiant\"><\/span>Quelle est la d\u00e9finition du statut \u00e9tudiant?<span class=\"ez-toc-section-end\"><\/span><\/h3>\n<ul>\n<li>La d\u00e9finition du statut \u00e9tudiant change en fonction de la mati\u00e8re l\u00e9gislative \u00e0 laquelle tu fais r\u00e9f\u00e9rence. Dans le cadre du travail \u00e9tudiant, il n\u2019y a pas de limite d\u2019\u00e2ge pour pouvoir pr\u00e9tendre au statut d\u2019\u00e9tudiant. Par contre, m\u00eame si la loi n\u2019est pas tr\u00e8s claire (aucune indication sur un nombre minimum d\u2019heures de &#8230; <\/li>\n<\/ul>\n<h3 id=\"question-4\"><span class=\"ez-toc-section\" id=\"Quand_peut-on_avoir_un_job_detudiant\"><\/span>Quand peut-on avoir un job d&#39;\u00e9tudiant?<span class=\"ez-toc-section-end\"><\/span><\/h3>\n<ul>\n<li>Pour l&rsquo; Office National de l&rsquo;Emploi (ONEM), qui g\u00e8re les conditions d&rsquo;acc\u00e8s au ch\u00f4mage, l&rsquo;\u00e9tudiant qui a fini ses \u00e9tudes et s&rsquo;inscrit en tant demandeur d&#8217;emploi peut avoir un job d&rsquo;\u00e9tudiant pour les mois d&rsquo;\u00e9t\u00e9, jusqu&rsquo;en septembre qui suit l&rsquo;obtention de son dipl\u00f4me. <\/li>\n<\/ul>\n","protected":false},"excerpt":{"rendered":"<p>Comment savoir si on est admissible \u00e0 l&rsquo;Assurance-emploi ? Vous devez seulement avoir accumul\u00e9 420 heures d&#8217;emploi assurable pendant la p\u00e9riode de r\u00e9f\u00e9rence pour \u00eatre admissibles \u00e0 l&rsquo;assurance-emploi. Si vous avez re\u00e7u un avis de violation, vous pourriez devoir accumuler plus d&rsquo;heures d&#8217;emploi assurables pour avoir droit \u00e0 des prestations.<\/p>\n","protected":false},"author":1,"featured_media":501,"comment_status":"closed","ping_status":"closed","sticky":false,"template":"","format":"standard","meta":{"_seopress_robots_primary_cat":"","_seopress_titles_title":"","_seopress_titles_desc":"","_seopress_robots_index":"","footnotes":""},"categories":[8],"tags":[],"class_list":["post-500","post","type-post","status-publish","format-standard","has-post-thumbnail","hentry","category-prevoyance"],"_links":{"self":[{"href":"http:\/\/www.mutuelle-mat.fr\/blog\/wp-json\/wp\/v2\/posts\/500","targetHints":{"allow":["GET"]}}],"collection":[{"href":"http:\/\/www.mutuelle-mat.fr\/blog\/wp-json\/wp\/v2\/posts"}],"about":[{"href":"http:\/\/www.mutuelle-mat.fr\/blog\/wp-json\/wp\/v2\/types\/post"}],"author":[{"embeddable":true,"href":"http:\/\/www.mutuelle-mat.fr\/blog\/wp-json\/wp\/v2\/users\/1"}],"replies":[{"embeddable":true,"href":"http:\/\/www.mutuelle-mat.fr\/blog\/wp-json\/wp\/v2\/comments?post=500"}],"version-history":[{"count":0,"href":"http:\/\/www.mutuelle-mat.fr\/blog\/wp-json\/wp\/v2\/posts\/500\/revisions"}],"wp:featuredmedia":[{"embeddable":true,"href":"http:\/\/www.mutuelle-mat.fr\/blog\/wp-json\/wp\/v2\/media\/501"}],"wp:attachment":[{"href":"http:\/\/www.mutuelle-mat.fr\/blog\/wp-json\/wp\/v2\/media?parent=500"}],"wp:term":[{"taxonomy":"category","embeddable":true,"href":"http:\/\/www.mutuelle-mat.fr\/blog\/wp-json\/wp\/v2\/categories?post=500"},{"taxonomy":"post_tag","embeddable":true,"href":"http:\/\/www.mutuelle-mat.fr\/blog\/wp-json\/wp\/v2\/tags?post=500"}],"curies":[{"name":"wp","href":"https:\/\/api.w.org\/{rel}","templated":true}]}}