{"id":459,"date":"2022-10-09T10:00:36","date_gmt":"2022-10-09T10:00:36","guid":{"rendered":"http:\/\/www.mutuelle-mat.fr\/blog\/qui-gere-lassurance-retraite\/459.html"},"modified":"2022-10-09T10:00:36","modified_gmt":"2022-10-09T10:00:36","slug":"qui-gere-lassurance-retraite","status":"publish","type":"post","link":"http:\/\/www.mutuelle-mat.fr\/blog\/qui-gere-lassurance-retraite\/459.html","title":{"rendered":"Qui g\u00e8re l&rsquo;assurance retraite ?"},"content":{"rendered":"<p><img decoding=\"async\" src=\"https:\/\/i.ytimg.com\/vi\/SgjdAIJdHeo\/hq720.jpg?sqp=-oaymwEcCOgCEMoBSFXyq4qpAw4IARUAAIhCGAFwAcABBg==&#038;rs=AOn4CLBCPx6RwHoMqeKs7yS4zpUbuSrxcg\" alt=\"Qui g\u00e8re l'assurance retraite ?\"><\/p>\n<div id=\"ez-toc-container\" class=\"ez-toc-v2_0_82_2 counter-hierarchy ez-toc-counter ez-toc-grey ez-toc-container-direction\">\n<p class=\"ez-toc-title\" style=\"cursor:inherit\">Sommaires<\/p>\n<label for=\"ez-toc-cssicon-toggle-item-6a98f6b563dc5\" class=\"ez-toc-cssicon-toggle-label\"><span class=\"ez-toc-cssicon\"><span class=\"eztoc-hide\" style=\"display:none;\">Toggle<\/span><span class=\"ez-toc-icon-toggle-span\"><svg style=\"fill: #999;color:#999\" xmlns=\"http:\/\/www.w3.org\/2000\/svg\" class=\"list-377408\" width=\"20px\" height=\"20px\" viewBox=\"0 0 24 24\" fill=\"none\"><path d=\"M6 6H4v2h2V6zm14 0H8v2h12V6zM4 11h2v2H4v-2zm16 0H8v2h12v-2zM4 16h2v2H4v-2zm16 0H8v2h12v-2z\" fill=\"currentColor\"><\/path><\/svg><svg style=\"fill: #999;color:#999\" class=\"arrow-unsorted-368013\" xmlns=\"http:\/\/www.w3.org\/2000\/svg\" width=\"10px\" height=\"10px\" viewBox=\"0 0 24 24\" version=\"1.2\" baseProfile=\"tiny\"><path d=\"M18.2 9.3l-6.2-6.3-6.2 6.3c-.2.2-.3.4-.3.7s.1.5.3.7c.2.2.4.3.7.3h11c.3 0 .5-.1.7-.3.2-.2.3-.5.3-.7s-.1-.5-.3-.7zM5.8 14.7l6.2 6.3 6.2-6.3c.2-.2.3-.5.3-.7s-.1-.5-.3-.7c-.2-.2-.4-.3-.7-.3h-11c-.3 0-.5.1-.7.3-.2.2-.3.5-.3.7s.1.5.3.7z\"\/><\/svg><\/span><\/span><\/label><input type=\"checkbox\"  id=\"ez-toc-cssicon-toggle-item-6a98f6b563dc5\"  aria-label=\"Toggle\" \/><nav><ul class='ez-toc-list ez-toc-list-level-1 ' ><li class='ez-toc-page-1 ez-toc-heading-level-3'><a class=\"ez-toc-link ez-toc-heading-1\" href=\"http:\/\/www.mutuelle-mat.fr\/blog\/qui-gere-lassurance-retraite\/459.html\/#Qui_gere_lassurance_retraite\" >Qui g\u00e8re l&rsquo;assurance retraite ?<\/a><\/li><li class='ez-toc-page-1 ez-toc-heading-level-3'><a class=\"ez-toc-link ez-toc-heading-2\" href=\"http:\/\/www.mutuelle-mat.fr\/blog\/qui-gere-lassurance-retraite\/459.html\/#Qui_percoit_la_carsat\" >Qui percoit la carsat ?<\/a><\/li><li class='ez-toc-page-1 ez-toc-heading-level-3'><a class=\"ez-toc-link ez-toc-heading-3\" href=\"http:\/\/www.mutuelle-mat.fr\/blog\/qui-gere-lassurance-retraite\/459.html\/#Comment_fonctionne_une_assurance_retraite\" >Comment fonctionne une assurance retraite ?<\/a><\/li><li class='ez-toc-page-1 ez-toc-heading-level-3'><a class=\"ez-toc-link ez-toc-heading-4\" href=\"http:\/\/www.mutuelle-mat.fr\/blog\/qui-gere-lassurance-retraite\/459.html\/#Comment_fonctionne_lassurance_vieillesse\" >Comment fonctionne l\u2019assurance vieillesse?<\/a><\/li><li class='ez-toc-page-1 ez-toc-heading-level-3'><a class=\"ez-toc-link ez-toc-heading-5\" href=\"http:\/\/www.mutuelle-mat.fr\/blog\/qui-gere-lassurance-retraite\/459.html\/#Quelle_est_la_cotisation_dassurance_vieillesse\" >Quelle est la cotisation d\u2019assurance vieillesse?<\/a><\/li><li class='ez-toc-page-1 ez-toc-heading-level-3'><a class=\"ez-toc-link ez-toc-heading-6\" href=\"http:\/\/www.mutuelle-mat.fr\/blog\/qui-gere-lassurance-retraite\/459.html\/#Quelle_est_la_Caisse_nationale_dassurance_vieillesse\" >Quelle est la Caisse nationale d&#39;assurance vieillesse?<\/a><\/li><li class='ez-toc-page-1 ez-toc-heading-level-3'><a class=\"ez-toc-link ez-toc-heading-7\" href=\"http:\/\/www.mutuelle-mat.fr\/blog\/qui-gere-lassurance-retraite\/459.html\/#Quel_est_lage_legal_de_depart_de_la_Caisse_nationale_de_vieillesse\" >Quel est l\u2019\u00e2ge l\u00e9gal de d\u00e9part de la Caisse nationale de vieillesse?<\/a><\/li><\/ul><\/nav><\/div>\n<h3 id=\"question-0\"><span class=\"ez-toc-section\" id=\"Qui_gere_lassurance_retraite\"><\/span>Qui g\u00e8re l&rsquo;assurance retraite ?<span class=\"ez-toc-section-end\"><\/span><\/h3>\n<p>La caisse nationale d&rsquo;assurance vieillesse (Cnav) g\u00e8re, au niveau national, la branche retraite du r\u00e9gime g\u00e9n\u00e9ral de la S\u00e9curit\u00e9 sociale.<\/p>\n<h3 id=\"question-1\"><span class=\"ez-toc-section\" id=\"Qui_percoit_la_carsat\"><\/span>Qui percoit la carsat ?<span class=\"ez-toc-section-end\"><\/span><\/h3>\n<p>1- Qui est affili\u00e9 \u00e0 la Carsat ? Les Carsat (CNAV pour la r\u00e9gion Ile-de-France) sont les interlocuteurs des salari\u00e9s du r\u00e9gime g\u00e9n\u00e9ral de la S\u00e9curit\u00e9 sociale dans le domaine de l&rsquo;assurance vieillesse, mais aussi pour l&rsquo;assurance des risques professionnels.<\/p>\n<\/p>\n<h3 id=\"question-2\"><span class=\"ez-toc-section\" id=\"Comment_fonctionne_une_assurance_retraite\"><\/span>Comment fonctionne une assurance retraite ?<span class=\"ez-toc-section-end\"><\/span><\/h3>\n<p>Comment fonctionne l&rsquo;assurance retraite compl\u00e9mentaire ? Les salari\u00e9s (mais pas uniquement) cotisent \u00e0 un syst\u00e8me de retraite compl\u00e9mentaire g\u00e9r\u00e9 par l&rsquo;AGIRC-ARRCO. Comme son nom l&rsquo;indique, l&rsquo;objectif de la retraite compl\u00e9mentaire est de venir en addition de la pension de retraite de base.<\/p>\n<h3 id=\"question-3\"><span class=\"ez-toc-section\" id=\"Comment_fonctionne_lassurance_vieillesse\"><\/span>Comment fonctionne l\u2019assurance vieillesse?<span class=\"ez-toc-section-end\"><\/span><\/h3>\n<ul>\n<li>19. L\u2019assurance vieillesse constitue le r\u00e9gime de retraite de base des salari\u00e9s. G\u00e9r\u00e9 par la Cnav (caisse nationale d\u2019assurance vieillesse), ce r\u00e9gime est financ\u00e9 par une cotisation d\u2019assurance vieillesse calcul\u00e9e pour partie : sur la fraction de la r\u00e9mun\u00e9ration inf\u00e9rieure ou \u00e9gale au plafond de la S\u00e9curit\u00e9 sociale, <\/li>\n<\/ul>\n<h3 id=\"question-4\"><span class=\"ez-toc-section\" id=\"Quelle_est_la_cotisation_dassurance_vieillesse\"><\/span>Quelle est la cotisation d\u2019assurance vieillesse?<span class=\"ez-toc-section-end\"><\/span><\/h3>\n<ul>\n<li>L\u2019assurance vieillesse constitue le r\u00e9gime de retraite de base des salari\u00e9s. G\u00e9r\u00e9 par la Cnav (caisse nationale d\u2019assurance vieillesse), ce r\u00e9gime est financ\u00e9 par une cotisation d\u2019assurance vieillesse calcul\u00e9e pour partie : sur la fraction de la r\u00e9mun\u00e9ration inf\u00e9rieure ou \u00e9gale au plafond de la S\u00e9curit\u00e9 sociale, <\/li>\n<\/ul>\n<h3 id=\"question-5\"><span class=\"ez-toc-section\" id=\"Quelle_est_la_Caisse_nationale_dassurance_vieillesse\"><\/span>Quelle est la Caisse nationale d&#39;assurance vieillesse?<span class=\"ez-toc-section-end\"><\/span><\/h3>\n<ul>\n<li>La CNAV, Caisse Nationale d&rsquo;Assurance Vieillesse, est votre caisse de retraite de base si vous \u00eates salari\u00e9 du priv\u00e9, salari\u00e9 cadre ou agent non titulaire de l&rsquo;\u00e9tat et des collectivit\u00e9s publiques et du personnel navigant de l&rsquo;aviation civile. <\/li>\n<\/ul>\n<h3 id=\"question-6\"><span class=\"ez-toc-section\" id=\"Quel_est_lage_legal_de_depart_de_la_Caisse_nationale_de_vieillesse\"><\/span>Quel est l\u2019\u00e2ge l\u00e9gal de d\u00e9part de la Caisse nationale de vieillesse?<span class=\"ez-toc-section-end\"><\/span><\/h3>\n<ul>\n<li>Les affili\u00e9s de la Caisse nationale d\u2019assurance vieillesse peuvent demander la liquidation de leurs droits lorsqu\u2019ils atteignent l\u2019\u00e2ge l\u00e9gal de d\u00e9part qui varie de 60 ans \u00e0 62 ans en fonction de leur ann\u00e9e de naissance. <\/li>\n<\/ul>\n","protected":false},"excerpt":{"rendered":"<p>Qui g\u00e8re l&rsquo;assurance retraite ? La caisse nationale d&rsquo;assurance vieillesse (Cnav) g\u00e8re, au niveau national, la branche retraite du r\u00e9gime g\u00e9n\u00e9ral de la S\u00e9curit\u00e9 sociale. Qui percoit la carsat ? 1- Qui est affili\u00e9 \u00e0 la Carsat ? Les Carsat (CNAV pour la r\u00e9gion Ile-de-France) sont les interlocuteurs des salari\u00e9s<\/p>\n","protected":false},"author":1,"featured_media":460,"comment_status":"closed","ping_status":"closed","sticky":false,"template":"","format":"standard","meta":{"_seopress_robots_primary_cat":"","_seopress_titles_title":"","_seopress_titles_desc":"","_seopress_robots_index":"","footnotes":""},"categories":[8],"tags":[],"class_list":["post-459","post","type-post","status-publish","format-standard","has-post-thumbnail","hentry","category-prevoyance"],"_links":{"self":[{"href":"http:\/\/www.mutuelle-mat.fr\/blog\/wp-json\/wp\/v2\/posts\/459","targetHints":{"allow":["GET"]}}],"collection":[{"href":"http:\/\/www.mutuelle-mat.fr\/blog\/wp-json\/wp\/v2\/posts"}],"about":[{"href":"http:\/\/www.mutuelle-mat.fr\/blog\/wp-json\/wp\/v2\/types\/post"}],"author":[{"embeddable":true,"href":"http:\/\/www.mutuelle-mat.fr\/blog\/wp-json\/wp\/v2\/users\/1"}],"replies":[{"embeddable":true,"href":"http:\/\/www.mutuelle-mat.fr\/blog\/wp-json\/wp\/v2\/comments?post=459"}],"version-history":[{"count":0,"href":"http:\/\/www.mutuelle-mat.fr\/blog\/wp-json\/wp\/v2\/posts\/459\/revisions"}],"wp:featuredmedia":[{"embeddable":true,"href":"http:\/\/www.mutuelle-mat.fr\/blog\/wp-json\/wp\/v2\/media\/460"}],"wp:attachment":[{"href":"http:\/\/www.mutuelle-mat.fr\/blog\/wp-json\/wp\/v2\/media?parent=459"}],"wp:term":[{"taxonomy":"category","embeddable":true,"href":"http:\/\/www.mutuelle-mat.fr\/blog\/wp-json\/wp\/v2\/categories?post=459"},{"taxonomy":"post_tag","embeddable":true,"href":"http:\/\/www.mutuelle-mat.fr\/blog\/wp-json\/wp\/v2\/tags?post=459"}],"curies":[{"name":"wp","href":"https:\/\/api.w.org\/{rel}","templated":true}]}}