{"id":368,"date":"2022-09-30T18:00:36","date_gmt":"2022-09-30T18:00:36","guid":{"rendered":"http:\/\/www.mutuelle-mat.fr\/blog\/quel-assurance-pour-une-sasu\/368.html"},"modified":"2022-09-30T18:00:36","modified_gmt":"2022-09-30T18:00:36","slug":"quel-assurance-pour-une-sasu","status":"publish","type":"post","link":"http:\/\/www.mutuelle-mat.fr\/blog\/quel-assurance-pour-une-sasu\/368.html","title":{"rendered":"Quel assurance pour une SASU ?"},"content":{"rendered":"<p><img decoding=\"async\" src=\"https:\/\/i.ytimg.com\/vi\/ucVJrja8r6Q\/hq720.jpg?sqp=-oaymwEcCOgCEMoBSFXyq4qpAw4IARUAAIhCGAFwAcABBg==&#038;rs=AOn4CLDANi2-taYNQ719dFlM4ffqFKrmcg\" alt=\"Quel assurance pour une SASU ?\"><\/p>\n<div id=\"ez-toc-container\" class=\"ez-toc-v2_0_82_2 counter-hierarchy ez-toc-counter ez-toc-grey ez-toc-container-direction\">\n<p class=\"ez-toc-title\" style=\"cursor:inherit\">Sommaires<\/p>\n<label for=\"ez-toc-cssicon-toggle-item-6a993da546b3a\" class=\"ez-toc-cssicon-toggle-label\"><span class=\"ez-toc-cssicon\"><span class=\"eztoc-hide\" style=\"display:none;\">Toggle<\/span><span class=\"ez-toc-icon-toggle-span\"><svg style=\"fill: #999;color:#999\" xmlns=\"http:\/\/www.w3.org\/2000\/svg\" class=\"list-377408\" width=\"20px\" height=\"20px\" viewBox=\"0 0 24 24\" fill=\"none\"><path d=\"M6 6H4v2h2V6zm14 0H8v2h12V6zM4 11h2v2H4v-2zm16 0H8v2h12v-2zM4 16h2v2H4v-2zm16 0H8v2h12v-2z\" fill=\"currentColor\"><\/path><\/svg><svg style=\"fill: #999;color:#999\" class=\"arrow-unsorted-368013\" xmlns=\"http:\/\/www.w3.org\/2000\/svg\" width=\"10px\" height=\"10px\" viewBox=\"0 0 24 24\" version=\"1.2\" baseProfile=\"tiny\"><path d=\"M18.2 9.3l-6.2-6.3-6.2 6.3c-.2.2-.3.4-.3.7s.1.5.3.7c.2.2.4.3.7.3h11c.3 0 .5-.1.7-.3.2-.2.3-.5.3-.7s-.1-.5-.3-.7zM5.8 14.7l6.2 6.3 6.2-6.3c.2-.2.3-.5.3-.7s-.1-.5-.3-.7c-.2-.2-.4-.3-.7-.3h-11c-.3 0-.5.1-.7.3-.2.2-.3.5-.3.7s.1.5.3.7z\"\/><\/svg><\/span><\/span><\/label><input type=\"checkbox\"  id=\"ez-toc-cssicon-toggle-item-6a993da546b3a\"  aria-label=\"Toggle\" \/><nav><ul class='ez-toc-list ez-toc-list-level-1 ' ><li class='ez-toc-page-1 ez-toc-heading-level-3'><a class=\"ez-toc-link ez-toc-heading-1\" href=\"http:\/\/www.mutuelle-mat.fr\/blog\/quel-assurance-pour-une-sasu\/368.html\/#Quel_assurance_pour_une_SASU\" >Quel assurance pour une SASU ?<\/a><\/li><li class='ez-toc-page-1 ez-toc-heading-level-3'><a class=\"ez-toc-link ez-toc-heading-2\" href=\"http:\/\/www.mutuelle-mat.fr\/blog\/quel-assurance-pour-une-sasu\/368.html\/#Quelle_est_lassurance_obligatoire_pour_une_SASU\" >Quelle est l\u2019assurance obligatoire pour une SASU?<\/a><\/li><li class='ez-toc-page-1 ez-toc-heading-level-3'><a class=\"ez-toc-link ez-toc-heading-3\" href=\"http:\/\/www.mutuelle-mat.fr\/blog\/quel-assurance-pour-une-sasu\/368.html\/#Quels_sont_les_seuils_de_la_SASU\" >Quels sont les seuils de la SASU?<\/a><\/li><li class='ez-toc-page-1 ez-toc-heading-level-3'><a class=\"ez-toc-link ez-toc-heading-4\" href=\"http:\/\/www.mutuelle-mat.fr\/blog\/quel-assurance-pour-une-sasu\/368.html\/#Quel_est_le_fonctionnement_de_la_SASU\" >Quel est le fonctionnement de la SASU?<\/a><\/li><li class='ez-toc-page-1 ez-toc-heading-level-3'><a class=\"ez-toc-link ez-toc-heading-5\" href=\"http:\/\/www.mutuelle-mat.fr\/blog\/quel-assurance-pour-une-sasu\/368.html\/#Quel_est_le_rapport_de_gestion_de_la_SASU\" >Quel est le rapport de gestion de la SASU?<\/a><\/li><\/ul><\/nav><\/div>\n<h3 id=\"question-0\"><span class=\"ez-toc-section\" id=\"Quel_assurance_pour_une_SASU\"><\/span>Quel assurance pour une SASU ?<span class=\"ez-toc-section-end\"><\/span><\/h3>\n<p>L&rsquo;assurance RC Pro est recommand\u00e9e pour toutes les SASU m\u00eame si elle n&rsquo;est obligatoire que pour les professions r\u00e9glement\u00e9es. Si votre SASU exerce une activit\u00e9 de conseil par exemple, la RC pro n&rsquo;est pas obligatoire. En revanche, architectes, professionnels du droit et agences de voyages etc.<\/p>\n<h3 id=\"question-1\"><span class=\"ez-toc-section\" id=\"Quelle_est_lassurance_obligatoire_pour_une_SASU\"><\/span>Quelle est l\u2019assurance obligatoire pour une SASU?<span class=\"ez-toc-section-end\"><\/span><\/h3>\n<ul>\n<li>L\u2019assurance contre les accidents du travail et l\u2019assurance des personnes sont \u00e9galement obligatoires pour une SASU. Les assurances facultatives sont recommand\u00e9es pour faire face \u00e0 certains risques auxquels l\u2019entreprise est expos\u00e9e. <\/li>\n<\/ul>\n<h3 id=\"question-2\"><span class=\"ez-toc-section\" id=\"Quels_sont_les_seuils_de_la_SASU\"><\/span>Quels sont les seuils de la SASU?<span class=\"ez-toc-section-end\"><\/span><\/h3>\n<ul>\n<li>La SASU respecte les 3 seuils suivant: elle a moins de 50 salari\u00e9s, son chiffre d\u2019affaires net est inf\u00e9rieur \u00e0 8 millions d\u2019euros, et le total de son bilan est inf\u00e9rieur \u00e0 4 millions d\u2019euros; La SASU n\u2019exerce pas une activit\u00e9 de cr\u00e9dit ou d\u2019assurance. C\u2019est \u00e0 ce stade qu\u2019intervient l\u2019 assembl\u00e9e g\u00e9n\u00e9rale de la soci\u00e9t\u00e9. <\/li>\n<\/ul>\n<h3 id=\"question-3\"><span class=\"ez-toc-section\" id=\"Quel_est_le_fonctionnement_de_la_SASU\"><\/span>Quel est le fonctionnement de la SASU?<span class=\"ez-toc-section-end\"><\/span><\/h3>\n<ul>\n<li>Le fonctionnement de la SASU impose, comme dans la quasi totalit\u00e9 des soci\u00e9t\u00e9s, que les d\u00e9cisions importantes concernant la vie de la soci\u00e9t\u00e9, soient prises par la collectivit\u00e9 des associ\u00e9s. Les d\u00e9cisions sont donc adopt\u00e9es au cours d\u2019une r\u00e9union appel\u00e9e l\u2019 assembl\u00e9e g\u00e9n\u00e9rale de SASU. <\/li>\n<\/ul>\n<h3 id=\"question-4\"><span class=\"ez-toc-section\" id=\"Quel_est_le_rapport_de_gestion_de_la_SASU\"><\/span>Quel est le rapport de gestion de la SASU?<span class=\"ez-toc-section-end\"><\/span><\/h3>\n<ul>\n<li>Le rapport de gestion de la SASU est un document qui permet au Pr\u00e9sident de rendre compte de sa gestion de la soci\u00e9t\u00e9 sur l\u2019exercice \u00e9coul\u00e9. Il doit y \u00e9tablir un r\u00e9sum\u00e9 de la situation de la SASU, de ses activit\u00e9s en mati\u00e8re de recherche et d\u00e9veloppement ainsi que l\u2019\u00e9volution pr\u00e9visible de la soci\u00e9t\u00e9. <\/li>\n<\/ul>\n","protected":false},"excerpt":{"rendered":"<p>Quel assurance pour une SASU ? L&rsquo;assurance RC Pro est recommand\u00e9e pour toutes les SASU m\u00eame si elle n&rsquo;est obligatoire que pour les professions r\u00e9glement\u00e9es. Si votre SASU exerce une activit\u00e9 de conseil par exemple, la RC pro n&rsquo;est pas obligatoire. En revanche, architectes, professionnels du droit et agences de<\/p>\n","protected":false},"author":1,"featured_media":219,"comment_status":"closed","ping_status":"closed","sticky":false,"template":"","format":"standard","meta":{"_seopress_robots_primary_cat":"","_seopress_titles_title":"","_seopress_titles_desc":"","_seopress_robots_index":"","footnotes":""},"categories":[8],"tags":[],"class_list":["post-368","post","type-post","status-publish","format-standard","has-post-thumbnail","hentry","category-prevoyance"],"_links":{"self":[{"href":"http:\/\/www.mutuelle-mat.fr\/blog\/wp-json\/wp\/v2\/posts\/368","targetHints":{"allow":["GET"]}}],"collection":[{"href":"http:\/\/www.mutuelle-mat.fr\/blog\/wp-json\/wp\/v2\/posts"}],"about":[{"href":"http:\/\/www.mutuelle-mat.fr\/blog\/wp-json\/wp\/v2\/types\/post"}],"author":[{"embeddable":true,"href":"http:\/\/www.mutuelle-mat.fr\/blog\/wp-json\/wp\/v2\/users\/1"}],"replies":[{"embeddable":true,"href":"http:\/\/www.mutuelle-mat.fr\/blog\/wp-json\/wp\/v2\/comments?post=368"}],"version-history":[{"count":0,"href":"http:\/\/www.mutuelle-mat.fr\/blog\/wp-json\/wp\/v2\/posts\/368\/revisions"}],"wp:featuredmedia":[{"embeddable":true,"href":"http:\/\/www.mutuelle-mat.fr\/blog\/wp-json\/wp\/v2\/media\/219"}],"wp:attachment":[{"href":"http:\/\/www.mutuelle-mat.fr\/blog\/wp-json\/wp\/v2\/media?parent=368"}],"wp:term":[{"taxonomy":"category","embeddable":true,"href":"http:\/\/www.mutuelle-mat.fr\/blog\/wp-json\/wp\/v2\/categories?post=368"},{"taxonomy":"post_tag","embeddable":true,"href":"http:\/\/www.mutuelle-mat.fr\/blog\/wp-json\/wp\/v2\/tags?post=368"}],"curies":[{"name":"wp","href":"https:\/\/api.w.org\/{rel}","templated":true}]}}