{"id":230,"date":"2022-09-18T14:00:41","date_gmt":"2022-09-18T14:00:41","guid":{"rendered":"http:\/\/www.mutuelle-mat.fr\/blog\/quelle-assurance-pour-velo-electrique\/230.html"},"modified":"2022-09-18T14:00:41","modified_gmt":"2022-09-18T14:00:41","slug":"quelle-assurance-pour-velo-electrique","status":"publish","type":"post","link":"http:\/\/www.mutuelle-mat.fr\/blog\/quelle-assurance-pour-velo-electrique\/230.html","title":{"rendered":"Quelle assurance pour v\u00e9lo electrique ?"},"content":{"rendered":"<p><img decoding=\"async\" src=\"https:\/\/i.ytimg.com\/vi\/L3VjkJfMl0I\/hq720.jpg?sqp=-oaymwEcCOgCEMoBSFXyq4qpAw4IARUAAIhCGAFwAcABBg==&#038;rs=AOn4CLC1IO_9i0-TQBDEssU9EGoG7YKEXg\" alt=\"Quelle assurance pour v\u00e9lo electrique ?\"><\/p>\n<div id=\"ez-toc-container\" class=\"ez-toc-v2_0_82_2 counter-hierarchy ez-toc-counter ez-toc-grey ez-toc-container-direction\">\n<p class=\"ez-toc-title\" style=\"cursor:inherit\">Sommaires<\/p>\n<label for=\"ez-toc-cssicon-toggle-item-6a999777ba64b\" class=\"ez-toc-cssicon-toggle-label\"><span class=\"ez-toc-cssicon\"><span class=\"eztoc-hide\" style=\"display:none;\">Toggle<\/span><span class=\"ez-toc-icon-toggle-span\"><svg style=\"fill: #999;color:#999\" xmlns=\"http:\/\/www.w3.org\/2000\/svg\" class=\"list-377408\" width=\"20px\" height=\"20px\" viewBox=\"0 0 24 24\" fill=\"none\"><path d=\"M6 6H4v2h2V6zm14 0H8v2h12V6zM4 11h2v2H4v-2zm16 0H8v2h12v-2zM4 16h2v2H4v-2zm16 0H8v2h12v-2z\" fill=\"currentColor\"><\/path><\/svg><svg style=\"fill: #999;color:#999\" class=\"arrow-unsorted-368013\" xmlns=\"http:\/\/www.w3.org\/2000\/svg\" width=\"10px\" height=\"10px\" viewBox=\"0 0 24 24\" version=\"1.2\" baseProfile=\"tiny\"><path d=\"M18.2 9.3l-6.2-6.3-6.2 6.3c-.2.2-.3.4-.3.7s.1.5.3.7c.2.2.4.3.7.3h11c.3 0 .5-.1.7-.3.2-.2.3-.5.3-.7s-.1-.5-.3-.7zM5.8 14.7l6.2 6.3 6.2-6.3c.2-.2.3-.5.3-.7s-.1-.5-.3-.7c-.2-.2-.4-.3-.7-.3h-11c-.3 0-.5.1-.7.3-.2.2-.3.5-.3.7s.1.5.3.7z\"\/><\/svg><\/span><\/span><\/label><input type=\"checkbox\"  id=\"ez-toc-cssicon-toggle-item-6a999777ba64b\"  aria-label=\"Toggle\" \/><nav><ul class='ez-toc-list ez-toc-list-level-1 ' ><ul class='ez-toc-list-level-3' ><li class='ez-toc-heading-level-3'><a class=\"ez-toc-link ez-toc-heading-1\" href=\"http:\/\/www.mutuelle-mat.fr\/blog\/quelle-assurance-pour-velo-electrique\/230.html\/#Quelle_assurance_pour_velo_electrique\" >Quelle assurance pour v\u00e9lo electrique ?<\/a><\/li><li class='ez-toc-page-1 ez-toc-heading-level-3'><a class=\"ez-toc-link ez-toc-heading-2\" href=\"http:\/\/www.mutuelle-mat.fr\/blog\/quelle-assurance-pour-velo-electrique\/230.html\/#Pourquoi_assurer_son_velo_electrique\" >Pourquoi assurer son v\u00e9lo electrique ?<\/a><\/li><li class='ez-toc-page-1 ez-toc-heading-level-3'><a class=\"ez-toc-link ez-toc-heading-3\" href=\"http:\/\/www.mutuelle-mat.fr\/blog\/quelle-assurance-pour-velo-electrique\/230.html\/#Est-il_possible_d_Electrifier_un_velo\" >Est-il possible d Electrifier un v\u00e9lo ?<\/a><\/li><li class='ez-toc-page-1 ez-toc-heading-level-3'><a class=\"ez-toc-link ez-toc-heading-4\" href=\"http:\/\/www.mutuelle-mat.fr\/blog\/quelle-assurance-pour-velo-electrique\/230.html\/#Quelle_assurance_pour_trottinette_electrique\" >Quelle assurance pour trottinette electrique ?<\/a><\/li><li class='ez-toc-page-1 ez-toc-heading-level-3'><a class=\"ez-toc-link ez-toc-heading-5\" href=\"http:\/\/www.mutuelle-mat.fr\/blog\/quelle-assurance-pour-velo-electrique\/230.html\/#Comment_assure_son_velo\" >Comment assure son v\u00e9lo ?<\/a><\/li><li class='ez-toc-page-1 ez-toc-heading-level-3'><a class=\"ez-toc-link ez-toc-heading-6\" href=\"http:\/\/www.mutuelle-mat.fr\/blog\/quelle-assurance-pour-velo-electrique\/230.html\/#Comment_immatriculer_mon_velo\" >Comment immatriculer mon v\u00e9lo ?<\/a><\/li><li class='ez-toc-page-1 ez-toc-heading-level-3'><a class=\"ez-toc-link ez-toc-heading-7\" href=\"http:\/\/www.mutuelle-mat.fr\/blog\/quelle-assurance-pour-velo-electrique\/230.html\/#Quel_est_le_tarif_de_lassurance_velo_GMF\" >Quel est le tarif de l\u2019assurance v\u00e9lo GMF?<\/a><\/li><li class='ez-toc-page-1 ez-toc-heading-level-3'><a class=\"ez-toc-link ez-toc-heading-8\" href=\"http:\/\/www.mutuelle-mat.fr\/blog\/quelle-assurance-pour-velo-electrique\/230.html\/#Quels_sont_les_dommages_accidentels_de_lassurance_velo_de_la_GMF\" >Quels sont les dommages accidentels de l\u2019assurance v\u00e9lo de la GMF?<\/a><\/li><li class='ez-toc-page-1 ez-toc-heading-level-3'><a class=\"ez-toc-link ez-toc-heading-9\" href=\"http:\/\/www.mutuelle-mat.fr\/blog\/quelle-assurance-pour-velo-electrique\/230.html\/#Quel_est_le_prix_de_lassurance_velo_electrique\" >Quel est le prix de l\u2019assurance v\u00e9lo \u00e9lectrique?<\/a><\/li><li class='ez-toc-page-1 ez-toc-heading-level-3'><a class=\"ez-toc-link ez-toc-heading-10\" href=\"http:\/\/www.mutuelle-mat.fr\/blog\/quelle-assurance-pour-velo-electrique\/230.html\/#Quelle_est_loffre_dassurance_GMF\" >Quelle est l\u2019offre d\u2019assurance GMF?<\/a><\/li><\/ul><\/li><li class='ez-toc-page-1 ez-toc-heading-level-2'><a class=\"ez-toc-link ez-toc-heading-11\" href=\"http:\/\/www.mutuelle-mat.fr\/blog\/quelle-assurance-pour-velo-electrique\/230.html\/#Comment_trouver_une_offre_dassurance_velo_electrique_au_meilleur_prix\" >Comment trouver une offre d&rsquo;assurance v\u00e9lo \u00e9lectrique au meilleur prix ?<\/a><\/li><\/ul><\/nav><\/div>\n<h3 id=\"question-0\"><span class=\"ez-toc-section\" id=\"Quelle_assurance_pour_velo_electrique\"><\/span>Quelle assurance pour v\u00e9lo electrique ?<span class=\"ez-toc-section-end\"><\/span><\/h3>\n<p>Les v\u00e9los et VAE sont en effet couverts par la garantie responsabilit\u00e9 civile obligatoire, incluse dans le cadre de l&rsquo;assurance multirisque habitation. Cela signifie qu&rsquo;en cas d&rsquo;accident, les dommages caus\u00e9s \u00e0 des tiers (d\u00e9g\u00e2ts mat\u00e9riels comme corporels) sont pris en charge par l&rsquo;assureur.<\/p>\n<h3 id=\"question-1\"><span class=\"ez-toc-section\" id=\"Pourquoi_assurer_son_velo_electrique\"><\/span>Pourquoi assurer son v\u00e9lo electrique ?<span class=\"ez-toc-section-end\"><\/span><\/h3>\n<p>L&rsquo;assurance n&rsquo;est pas obligatoire pour le v\u00e9lo avec assistance \u00e9lectrique dont la puissance ne d\u00e9passe pas 250 w et dont l&rsquo;assistance n&rsquo;est pas activ\u00e9e au-del\u00e0 de 25km\/h. N\u00e9anmoins, vous devez r\u00e9parer les dommages que vous causez aux autres. Vous pouvez souscrire la garantie responsabilit\u00e9 civile pour cela.<\/p>\n<\/p>\n<h3 id=\"question-2\"><span class=\"ez-toc-section\" id=\"Est-il_possible_d_Electrifier_un_velo\"><\/span>Est-il possible d Electrifier un v\u00e9lo ?<span class=\"ez-toc-section-end\"><\/span><\/h3>\n<p>Un kit de conversion transforme un simple v\u00e9lo en un v\u00e9lo \u00e0 assistance \u00e9lectrique. En th\u00e9orie, il suffit d&rsquo;installer le moteur, la batterie, le contr\u00f4leur et l&rsquo;afficheur qui composent le kit pour rouler sans effort, et sans se ruiner, sur son vieux v\u00e9lo.<\/p>\n<h3 id=\"question-3\"><span class=\"ez-toc-section\" id=\"Quelle_assurance_pour_trottinette_electrique\"><\/span>Quelle assurance pour trottinette electrique ?<span class=\"ez-toc-section-end\"><\/span><\/h3>\n<p>EDPM : assurance responsabilit\u00e9 civile obligatoire Une trottinette \u00e9lectrique ou tout type d&rsquo;EDPM est consid\u00e9r\u00e9 comme un v\u00e9hicule terrestre \u00e0 moteur. Vous avez donc l&rsquo;obligation de l&rsquo;assurer en responsabilit\u00e9 civile pour les dommages que vous pourriez causer \u00e0 autrui.<\/p>\n<h3 id=\"question-4\"><span class=\"ez-toc-section\" id=\"Comment_assure_son_velo\"><\/span>Comment assure son v\u00e9lo ?<span class=\"ez-toc-section-end\"><\/span><\/h3>\n<p>G\u00e9n\u00e9ralement leur responsabilit\u00e9 civile est couverte par l&rsquo;assurance responsabilit\u00e9 civile de leur contrat multirisque habitation. Les pratiquants du cyclisme \u00e0 titre sportif et avec comp\u00e9tition (ou comme cyclotouriste) b\u00e9n\u00e9ficient de la garantie responsabilit\u00e9 civile comprise dans leur licence f\u00e9d\u00e9rale.<\/p>\n<\/p>\n<h3 id=\"question-5\"><span class=\"ez-toc-section\" id=\"Comment_immatriculer_mon_velo\"><\/span>Comment immatriculer mon v\u00e9lo ?<span class=\"ez-toc-section-end\"><\/span><\/h3>\n<p>Comment immatriculer un v\u00e9lo ? Il suffit de se rendre chez l&rsquo;agent d&rsquo;un syst\u00e8me d&rsquo;identification agr\u00e9\u00e9 avec la bicyclette, et si possible la facture du v\u00e9lo. Si vous ne l&rsquo;avez pas, une pi\u00e8ce d&rsquo;identit\u00e9 suffit.<\/p>\n<h3 id=\"question-6\"><span class=\"ez-toc-section\" id=\"Quel_est_le_tarif_de_lassurance_velo_GMF\"><\/span>Quel est le tarif de l\u2019assurance v\u00e9lo GMF?<span class=\"ez-toc-section-end\"><\/span><\/h3>\n<ul>\n<li>Tarif de l\u2019assurance V\u00e9lo GMF A titre d\u2019exemple, pour assurer un v\u00e9lo ou v\u00e9lo \u00e9lectrique d\u2019une valeur de 2 650 \u20ac le co\u00fbt mensuel est de 21,,48 \u20ac\/an) avec une franchise de 10%. Vous pouvez obtenir un tarif pr\u00e9cis en fonction du montant de votre v\u00e9lo depuis le site GMF en appelant un conseiller. <\/li>\n<\/ul>\n<h3 id=\"question-7\"><span class=\"ez-toc-section\" id=\"Quels_sont_les_dommages_accidentels_de_lassurance_velo_de_la_GMF\"><\/span>Quels sont les dommages accidentels de l\u2019assurance v\u00e9lo de la GMF?<span class=\"ez-toc-section-end\"><\/span><\/h3>\n<ul>\n<li>La garantie dommages accidentels de l\u2019assurance v\u00e9lo de la GMF couvre les sinistres suivants : incendie, explosion, chute de la foudre, temp\u00eate, gr\u00eale, avalanche, inondation ou tout \u00e9v\u00e9nement naturel, bris, choc avec un corps fixe ou mobile. Par exemple un poteau, un autre v\u00e9hicule ou un pi\u00e9ton. <\/li>\n<\/ul>\n<h3 id=\"question-8\"><span class=\"ez-toc-section\" id=\"Quel_est_le_prix_de_lassurance_velo_electrique\"><\/span>Quel est le prix de l\u2019assurance v\u00e9lo \u00e9lectrique?<span class=\"ez-toc-section-end\"><\/span><\/h3>\n<ul>\n<li>Le prix de l\u2019assurance v\u00e9lo ou v\u00e9lo \u00e9lectrique est variable et d\u00e9pend essentiellement : du type de v\u00e9lo (assurance VTT, assurance v\u00e9lo \u00e9lectrique, assurance v\u00e9lo cross, etc.) ; de l\u2019usage qu\u2019il en est fait (v\u00e9lo de comp\u00e9tition, v\u00e9lo urbain, etc.). <\/li>\n<\/ul>\n<h3 id=\"question-9\"><span class=\"ez-toc-section\" id=\"Quelle_est_loffre_dassurance_GMF\"><\/span>Quelle est l\u2019offre d\u2019assurance GMF?<span class=\"ez-toc-section-end\"><\/span><\/h3>\n<ul>\n<li>Cette offre d\u2019assurance GMF est plut\u00f4t int\u00e9ressante. Elle permet de prendre en charge avec un seul contrat les vols et dommages caus\u00e9s \u00e0 plus de 14 mat\u00e9riels de sport et de loisirs, dont le v\u00e9lo (\u00e0 assistance \u00e9lectrique, pliant, accessoire, etc.). Les dommages accidentels couverts sont nombreux : bris, incendie, gr\u00eale, choc\u2026 <\/li>\n<\/ul>\n<h2><span class=\"ez-toc-section\" id=\"Comment_trouver_une_offre_dassurance_velo_electrique_au_meilleur_prix\"><\/span>Comment trouver une offre d&rsquo;assurance v\u00e9lo \u00e9lectrique au meilleur prix ?<span class=\"ez-toc-section-end\"><\/span><\/h2>\n<p>Pour l&rsquo;assurance de votre v\u00e9lo \u00e9lectrique, vous pouvez choisir parmi plusieurs offres propos\u00e9es par de nombreux assureurs sp\u00e9cialis\u00e9s dans ce domaine. Pour avoir la garantie de trouver un contrat d&rsquo;assurance v\u00e9lo \u00e9lectrique au meilleur prix, la meilleure solution consiste \u00e0 passer par un\u00a0<strong>comparateur d&rsquo;assurance en ligne<\/strong>.<\/p>\n<p>Vous pourrez ainsi analyser en quelques minutes, les offres de plusieurs compagnies afin de trouver celle qui pr\u00e9sente le\u00a0<strong>meilleur rapport qualit\u00e9 prix<\/strong>. \u00c0 ce propos, nous vous conseillons de regarder de plus pr\u00e8s les contrats d&rsquo;<a href=\"https:\/\/www.april-moto.com\/assurance-velo-electrique-assurez-votre-vae-au-meilleur-prix\/\">assurance April<\/a>\u00a0pour les v\u00e9los \u00e9lectriques.<\/p>\n<p>Plusieurs risques sont pris en compte, notamment\u00a0<strong>le vol, les dommages mat\u00e9riels, les dommages corporels<\/strong>, et m\u00eame\u00a0<strong>le<\/strong>\u00a0<strong>d\u00e9pannage et l&rsquo;assistance<\/strong>. Si votre v\u00e9lo \u00e9lectrique atteint une vitesse sup\u00e9rieure \u00e0 25 km par heure, cette assurance est obligatoire. Vous devez donc trouver l&rsquo;offre la plus avantageuse pour vous en termes de co\u00fbt.<\/p>\n<p>C&rsquo;est pour cette raison que nous vous conseillons de choisir parmi les offres des compagnies d&rsquo;assurance sp\u00e9cialis\u00e9es dans la couverture des v\u00e9los \u00e0 assistance \u00e9lectrique. Non seulement vous pourrez comparer les diff\u00e9rentes offres et faire jouer la concurrence, mais en plus vous pourrez\u00a0<strong>n\u00e9gocier les tarifs<\/strong>\u00a0en fonction des caract\u00e9ristiques de votre v\u00e9lo.<\/p>\n","protected":false},"excerpt":{"rendered":"<p>Quelle assurance pour v\u00e9lo electrique ? Les v\u00e9los et VAE sont en effet couverts par la garantie responsabilit\u00e9 civile obligatoire, incluse dans le cadre de l&rsquo;assurance multirisque habitation. Cela signifie qu&rsquo;en cas d&rsquo;accident, les dommages caus\u00e9s \u00e0 des tiers (d\u00e9g\u00e2ts mat\u00e9riels comme corporels) sont pris en charge par l&rsquo;assureur. Pourquoi<\/p>\n","protected":false},"author":1,"featured_media":231,"comment_status":"closed","ping_status":"closed","sticky":false,"template":"","format":"standard","meta":{"_seopress_robots_primary_cat":"none","_seopress_titles_title":"","_seopress_titles_desc":"","_seopress_robots_index":"","footnotes":""},"categories":[8],"tags":[],"class_list":["post-230","post","type-post","status-publish","format-standard","has-post-thumbnail","hentry","category-prevoyance"],"_links":{"self":[{"href":"http:\/\/www.mutuelle-mat.fr\/blog\/wp-json\/wp\/v2\/posts\/230","targetHints":{"allow":["GET"]}}],"collection":[{"href":"http:\/\/www.mutuelle-mat.fr\/blog\/wp-json\/wp\/v2\/posts"}],"about":[{"href":"http:\/\/www.mutuelle-mat.fr\/blog\/wp-json\/wp\/v2\/types\/post"}],"author":[{"embeddable":true,"href":"http:\/\/www.mutuelle-mat.fr\/blog\/wp-json\/wp\/v2\/users\/1"}],"replies":[{"embeddable":true,"href":"http:\/\/www.mutuelle-mat.fr\/blog\/wp-json\/wp\/v2\/comments?post=230"}],"version-history":[{"count":0,"href":"http:\/\/www.mutuelle-mat.fr\/blog\/wp-json\/wp\/v2\/posts\/230\/revisions"}],"wp:featuredmedia":[{"embeddable":true,"href":"http:\/\/www.mutuelle-mat.fr\/blog\/wp-json\/wp\/v2\/media\/231"}],"wp:attachment":[{"href":"http:\/\/www.mutuelle-mat.fr\/blog\/wp-json\/wp\/v2\/media?parent=230"}],"wp:term":[{"taxonomy":"category","embeddable":true,"href":"http:\/\/www.mutuelle-mat.fr\/blog\/wp-json\/wp\/v2\/categories?post=230"},{"taxonomy":"post_tag","embeddable":true,"href":"http:\/\/www.mutuelle-mat.fr\/blog\/wp-json\/wp\/v2\/tags?post=230"}],"curies":[{"name":"wp","href":"https:\/\/api.w.org\/{rel}","templated":true}]}}