{"id":1400,"date":"2026-03-27T16:55:54","date_gmt":"2026-03-27T16:55:54","guid":{"rendered":"https:\/\/www.mutuelle-mat.fr\/blog\/?p=1400"},"modified":"2026-03-27T16:55:54","modified_gmt":"2026-03-27T16:55:54","slug":"css-2026-liste-et-conditions-pour-une-sante-a-0-euro","status":"publish","type":"post","link":"http:\/\/www.mutuelle-mat.fr\/blog\/css-2026-liste-et-conditions-pour-une-sante-a-0-euro\/1400.html","title":{"rendered":"CSS 2026 : Liste et conditions pour une sant\u00e9 \u00e0 0 euro"},"content":{"rendered":"<p>Le bouclier de la Compl\u00e9mentaire sant\u00e9 solidaire s&rsquo;adapte aux r\u00e9alit\u00e9s \u00e9conomiques de 2026. Entre extension des droits et revalorisation des seuils, ce guide d\u00e9taille point par point qui peut aujourd&rsquo;hui pr\u00e9tendre \u00e0 cette protection d&rsquo;\u00c9tat indispensable contre les restes \u00e0 charge.<\/p>\n<div id=\"ez-toc-container\" class=\"ez-toc-v2_0_82_2 counter-hierarchy ez-toc-counter ez-toc-grey ez-toc-container-direction\">\n<p class=\"ez-toc-title\" style=\"cursor:inherit\">Sommaires<\/p>\n<label for=\"ez-toc-cssicon-toggle-item-69f57a525f36a\" class=\"ez-toc-cssicon-toggle-label\"><span class=\"ez-toc-cssicon\"><span class=\"eztoc-hide\" style=\"display:none;\">Toggle<\/span><span class=\"ez-toc-icon-toggle-span\"><svg style=\"fill: #999;color:#999\" xmlns=\"http:\/\/www.w3.org\/2000\/svg\" class=\"list-377408\" width=\"20px\" height=\"20px\" viewBox=\"0 0 24 24\" fill=\"none\"><path d=\"M6 6H4v2h2V6zm14 0H8v2h12V6zM4 11h2v2H4v-2zm16 0H8v2h12v-2zM4 16h2v2H4v-2zm16 0H8v2h12v-2z\" fill=\"currentColor\"><\/path><\/svg><svg style=\"fill: #999;color:#999\" class=\"arrow-unsorted-368013\" xmlns=\"http:\/\/www.w3.org\/2000\/svg\" width=\"10px\" height=\"10px\" viewBox=\"0 0 24 24\" version=\"1.2\" baseProfile=\"tiny\"><path d=\"M18.2 9.3l-6.2-6.3-6.2 6.3c-.2.2-.3.4-.3.7s.1.5.3.7c.2.2.4.3.7.3h11c.3 0 .5-.1.7-.3.2-.2.3-.5.3-.7s-.1-.5-.3-.7zM5.8 14.7l6.2 6.3 6.2-6.3c.2-.2.3-.5.3-.7s-.1-.5-.3-.7c-.2-.2-.4-.3-.7-.3h-11c-.3 0-.5.1-.7.3-.2.2-.3.5-.3.7s.1.5.3.7z\"\/><\/svg><\/span><\/span><\/label><input type=\"checkbox\"  id=\"ez-toc-cssicon-toggle-item-69f57a525f36a\"  aria-label=\"Toggle\" \/><nav><ul class='ez-toc-list ez-toc-list-level-1 ' ><li class='ez-toc-page-1 ez-toc-heading-level-2'><a class=\"ez-toc-link ez-toc-heading-1\" href=\"http:\/\/www.mutuelle-mat.fr\/blog\/css-2026-liste-et-conditions-pour-une-sante-a-0-euro\/1400.html\/#Qui_peut_beneficier_de_la_Complementaire_sante_solidaire_en_2026\" >Qui peut b\u00e9n\u00e9ficier de la Compl\u00e9mentaire sant\u00e9 solidaire en 2026 ?<\/a><\/li><li class='ez-toc-page-1 ez-toc-heading-level-2'><a class=\"ez-toc-link ez-toc-heading-2\" href=\"http:\/\/www.mutuelle-mat.fr\/blog\/css-2026-liste-et-conditions-pour-une-sante-a-0-euro\/1400.html\/#Un_bouclier_social_face_a_linflation_medicale\" >Un bouclier social face \u00e0 l&rsquo;inflation m\u00e9dicale<\/a><\/li><li class='ez-toc-page-1 ez-toc-heading-level-2'><a class=\"ez-toc-link ez-toc-heading-3\" href=\"http:\/\/www.mutuelle-mat.fr\/blog\/css-2026-liste-et-conditions-pour-une-sante-a-0-euro\/1400.html\/#Les_conditions_de_residence_sur_le_territoire\" >Les conditions de r\u00e9sidence sur le territoire<\/a><\/li><li class='ez-toc-page-1 ez-toc-heading-level-2'><a class=\"ez-toc-link ez-toc-heading-4\" href=\"http:\/\/www.mutuelle-mat.fr\/blog\/css-2026-liste-et-conditions-pour-une-sante-a-0-euro\/1400.html\/#La_liste_des_profils_eligibles_selon_les_ressources\" >La liste des profils \u00e9ligibles selon les ressources<\/a><ul class='ez-toc-list-level-3' ><li class='ez-toc-heading-level-3'><a class=\"ez-toc-link ez-toc-heading-5\" href=\"http:\/\/www.mutuelle-mat.fr\/blog\/css-2026-liste-et-conditions-pour-une-sante-a-0-euro\/1400.html\/#Plafonds_de_ressources_annuels_Estimation_2026\" >Plafonds de ressources annuels (Estimation 2026)<\/a><\/li><\/ul><\/li><li class='ez-toc-page-1 ez-toc-heading-level-2'><a class=\"ez-toc-link ez-toc-heading-6\" href=\"http:\/\/www.mutuelle-mat.fr\/blog\/css-2026-liste-et-conditions-pour-une-sante-a-0-euro\/1400.html\/#Le_cas_specifique_des_beneficiaires_du_RSA_et_de_lASPA\" >Le cas sp\u00e9cifique des b\u00e9n\u00e9ficiaires du RSA et de l&rsquo;ASPA<\/a><\/li><\/ul><\/nav><\/div>\n<h2 data-path-to-node=\"5\"><span class=\"ez-toc-section\" id=\"Qui_peut_beneficier_de_la_Complementaire_sante_solidaire_en_2026\"><\/span>Qui peut b\u00e9n\u00e9ficier de la Compl\u00e9mentaire sant\u00e9 solidaire en 2026 ?<span class=\"ez-toc-section-end\"><\/span><\/h2>\n<p data-path-to-node=\"6\">La hausse des tarifs des mutuelles priv\u00e9es, estim\u00e9e \u00e0 12 % cette ann\u00e9e, rend l&rsquo;acc\u00e8s aux soins complexe pour les budgets modestes. Pourtant, la Compl\u00e9mentaire sant\u00e9 solidaire (CSS) offre une protection compl\u00e8te \u00e0 moins de 1 euro par jour, voire gratuitement pour les plus pr\u00e9caires.<\/p>\n<h2 data-path-to-node=\"23\"><span class=\"ez-toc-section\" id=\"Un_bouclier_social_face_a_linflation_medicale\"><\/span>Un bouclier social face \u00e0 l&rsquo;inflation m\u00e9dicale<span class=\"ez-toc-section-end\"><\/span><\/h2>\n<p data-path-to-node=\"24\">Les soins d&rsquo;orthoptie et les forfaits vaccinaux ont subi des ajustements tarifaires importants au cours du dernier exercice annuel. La CSS garantit une prise en charge \u00e0 100 % de la base de remboursement de la S\u00e9curit\u00e9 sociale, sans d\u00e9passement d&rsquo;honoraires pour l&rsquo;assur\u00e9.<\/p>\n<h2 data-path-to-node=\"7\"><span class=\"ez-toc-section\" id=\"Les_conditions_de_residence_sur_le_territoire\"><\/span>Les conditions de r\u00e9sidence sur le territoire<span class=\"ez-toc-section-end\"><\/span><\/h2>\n<p data-path-to-node=\"8\">Pour pr\u00e9tendre \u00e0 ce dispositif, le demandeur doit r\u00e9sider en France de mani\u00e8re stable et r\u00e9guli\u00e8re depuis plus de trois mois. Cette condition est attest\u00e9e par des justificatifs de domicile ou une attestation d&rsquo;h\u00e9bergement, garantissant l&rsquo;ancrage du foyer dans le syst\u00e8me de soins national.<\/p>\n<h2 data-path-to-node=\"9\"><span class=\"ez-toc-section\" id=\"La_liste_des_profils_eligibles_selon_les_ressources\"><\/span>La liste des profils \u00e9ligibles selon les ressources<span class=\"ez-toc-section-end\"><\/span><\/h2>\n<p data-path-to-node=\"10\">L&rsquo;\u00e9ligibilit\u00e9 repose majoritairement sur les revenus nets per\u00e7us au cours des douze derniers mois civils pr\u00e9c\u00e9dant la demande. Le calcul int\u00e8gre les salaires, les allocations ch\u00f4mage, mais aussi les pensions alimentaires et certains revenus du patrimoine.<\/p>\n<h3 data-path-to-node=\"11\"><span class=\"ez-toc-section\" id=\"Plafonds_de_ressources_annuels_Estimation_2026\"><\/span>Plafonds de ressources annuels (Estimation 2026)<span class=\"ez-toc-section-end\"><\/span><\/h3>\n<table data-path-to-node=\"12\">\n<thead>\n<tr>\n<td><strong>Composition du foyer<\/strong><\/td>\n<td><strong>CSS Gratuite (Plafond A)<\/strong><\/td>\n<td><strong>CSS avec Participation (Plafond B)<\/strong><\/td>\n<\/tr>\n<\/thead>\n<tbody>\n<tr>\n<td><span data-path-to-node=\"12,1,0,0\">1 personne<\/span><\/td>\n<td><span data-path-to-node=\"12,1,1,0\">&lt; 10 160 \u20ac<\/span><\/td>\n<td><span data-path-to-node=\"12,1,2,0\">10 161 \u20ac \u00e0 13 710 \u20ac<\/span><\/td>\n<\/tr>\n<tr>\n<td><span data-path-to-node=\"12,2,0,0\">2 personnes<\/span><\/td>\n<td><span data-path-to-node=\"12,2,1,0\">&lt; 15 240 \u20ac<\/span><\/td>\n<td><span data-path-to-node=\"12,2,2,0\">15 241 \u20ac \u00e0 20 570 \u20ac<\/span><\/td>\n<\/tr>\n<tr>\n<td><span data-path-to-node=\"12,3,0,0\">3 personnes<\/span><\/td>\n<td><span data-path-to-node=\"12,3,1,0\">&lt; 18 290 \u20ac<\/span><\/td>\n<td><span data-path-to-node=\"12,3,2,0\">18 291 \u20ac \u00e0 24 680 \u20ac<\/span><\/td>\n<\/tr>\n<tr>\n<td><span data-path-to-node=\"12,4,0,0\">4 personnes<\/span><\/td>\n<td><span data-path-to-node=\"12,4,1,0\">&lt; 21 340 \u20ac<\/span><\/td>\n<td><span data-path-to-node=\"12,4,2,0\">21 341 \u20ac \u00e0 28 790 \u20ac<\/span><\/td>\n<\/tr>\n<\/tbody>\n<\/table>\n<h2 data-path-to-node=\"13\"><span class=\"ez-toc-section\" id=\"Le_cas_specifique_des_beneficiaires_du_RSA_et_de_lASPA\"><\/span>Le cas sp\u00e9cifique des b\u00e9n\u00e9ficiaires du RSA et de l&rsquo;ASPA<span class=\"ez-toc-section-end\"><\/span><\/h2>\n<p data-path-to-node=\"14\">Les b\u00e9n\u00e9ficiaires du Revenu de Solidarit\u00e9 Active (RSA) b\u00e9n\u00e9ficient d\u00e9sormais d&rsquo;une attribution automatique de la CSS gratuite, simplifiant ainsi des d\u00e9marches autrefois fastidieuses. Concernant les seniors percevant l&rsquo;Allocation de Solidarit\u00e9 aux Personnes \u00c2g\u00e9es (ASPA), l&rsquo;\u00e9ligibilit\u00e9 est quasi syst\u00e9matique pour la version avec participation financi\u00e8re.<\/p>\n<p data-path-to-node=\"15\">L&rsquo;acc\u00e8s \u00e0 la sant\u00e9 ne doit pas \u00eatre un arbitrage budg\u00e9taire en 2026. Si vous d\u00e9passez de peu les plafonds, des contrats de mutuelle sp\u00e9cifiques \u00ab\u00a0Hamon-compatibles\u00a0\u00bb permettent de r\u00e9duire la facture de 30 %.<\/p>\n<p data-path-to-node=\"16\"><b data-path-to-node=\"16\" data-index-in-node=\"0\">Sources : CNAM, Ameli, donn\u00e9es HAS 2025-2026.<\/b><\/p>\n","protected":false},"excerpt":{"rendered":"<p>Le bouclier de la Compl\u00e9mentaire sant\u00e9 solidaire s&rsquo;adapte aux r\u00e9alit\u00e9s \u00e9conomiques de 2026. Entre extension des droits et revalorisation des seuils, ce guide d\u00e9taille point par point qui peut aujourd&rsquo;hui pr\u00e9tendre \u00e0 cette protection d&rsquo;\u00c9tat indispensable contre les restes \u00e0 charge. Qui peut b\u00e9n\u00e9ficier de la Compl\u00e9mentaire sant\u00e9 solidaire en<\/p>\n","protected":false},"author":1,"featured_media":1406,"comment_status":"closed","ping_status":"closed","sticky":false,"template":"","format":"standard","meta":{"_seopress_robots_primary_cat":"none","_seopress_titles_title":"","_seopress_titles_desc":"Votre revenu permet-il de b\u00e9n\u00e9ficier de la mutuelle solidaire ? Consultez la liste mise \u00e0 jour des b\u00e9n\u00e9ficiaires et les nouveaux plafonds de l'Assurance Maladie.","_seopress_robots_index":"","footnotes":""},"categories":[6],"tags":[],"class_list":["post-1400","post","type-post","status-publish","format-standard","has-post-thumbnail","hentry","category-mutuelle-sante"],"_links":{"self":[{"href":"http:\/\/www.mutuelle-mat.fr\/blog\/wp-json\/wp\/v2\/posts\/1400","targetHints":{"allow":["GET"]}}],"collection":[{"href":"http:\/\/www.mutuelle-mat.fr\/blog\/wp-json\/wp\/v2\/posts"}],"about":[{"href":"http:\/\/www.mutuelle-mat.fr\/blog\/wp-json\/wp\/v2\/types\/post"}],"author":[{"embeddable":true,"href":"http:\/\/www.mutuelle-mat.fr\/blog\/wp-json\/wp\/v2\/users\/1"}],"replies":[{"embeddable":true,"href":"http:\/\/www.mutuelle-mat.fr\/blog\/wp-json\/wp\/v2\/comments?post=1400"}],"version-history":[{"count":1,"href":"http:\/\/www.mutuelle-mat.fr\/blog\/wp-json\/wp\/v2\/posts\/1400\/revisions"}],"predecessor-version":[{"id":1404,"href":"http:\/\/www.mutuelle-mat.fr\/blog\/wp-json\/wp\/v2\/posts\/1400\/revisions\/1404"}],"wp:featuredmedia":[{"embeddable":true,"href":"http:\/\/www.mutuelle-mat.fr\/blog\/wp-json\/wp\/v2\/media\/1406"}],"wp:attachment":[{"href":"http:\/\/www.mutuelle-mat.fr\/blog\/wp-json\/wp\/v2\/media?parent=1400"}],"wp:term":[{"taxonomy":"category","embeddable":true,"href":"http:\/\/www.mutuelle-mat.fr\/blog\/wp-json\/wp\/v2\/categories?post=1400"},{"taxonomy":"post_tag","embeddable":true,"href":"http:\/\/www.mutuelle-mat.fr\/blog\/wp-json\/wp\/v2\/tags?post=1400"}],"curies":[{"name":"wp","href":"https:\/\/api.w.org\/{rel}","templated":true}]}}