{"id":1171,"date":"2025-10-18T08:29:48","date_gmt":"2025-10-18T08:29:48","guid":{"rendered":"https:\/\/www.mutuelle-mat.fr\/blog\/quelle-assurance-assure-les-caravanes\/1171.html"},"modified":"2025-10-18T08:29:48","modified_gmt":"2025-10-18T08:29:48","slug":"quelle-assurance-assure-les-caravanes","status":"publish","type":"post","link":"http:\/\/www.mutuelle-mat.fr\/blog\/quelle-assurance-assure-les-caravanes\/1171.html","title":{"rendered":"Quelle assurance assure les caravanes ?"},"content":{"rendered":"<p>                                        <img decoding=\"async\" src=\"https:\/\/i.ytimg.com\/vi\/1pUk4ti9T1c\/hq720.jpg?sqp=-oaymwEcCOgCEMoBSFXyq4qpAw4IARUAAIhCGAFwAcABBg==&#038;rs=AOn4CLDlVdXWG8CVXmnLz9B8oEhgVXbznA\" alt=\"Quelle assurance assure les caravanes ?\"><\/p>\n<div id=\"ez-toc-container\" class=\"ez-toc-v2_0_82_2 counter-hierarchy ez-toc-counter ez-toc-grey ez-toc-container-direction\">\n<p class=\"ez-toc-title\" style=\"cursor:inherit\">Sommaires<\/p>\n<label for=\"ez-toc-cssicon-toggle-item-6a96ddbcd17c8\" class=\"ez-toc-cssicon-toggle-label\"><span class=\"ez-toc-cssicon\"><span class=\"eztoc-hide\" style=\"display:none;\">Toggle<\/span><span class=\"ez-toc-icon-toggle-span\"><svg style=\"fill: #999;color:#999\" xmlns=\"http:\/\/www.w3.org\/2000\/svg\" class=\"list-377408\" width=\"20px\" height=\"20px\" viewBox=\"0 0 24 24\" fill=\"none\"><path d=\"M6 6H4v2h2V6zm14 0H8v2h12V6zM4 11h2v2H4v-2zm16 0H8v2h12v-2zM4 16h2v2H4v-2zm16 0H8v2h12v-2z\" fill=\"currentColor\"><\/path><\/svg><svg style=\"fill: #999;color:#999\" class=\"arrow-unsorted-368013\" xmlns=\"http:\/\/www.w3.org\/2000\/svg\" width=\"10px\" height=\"10px\" viewBox=\"0 0 24 24\" version=\"1.2\" baseProfile=\"tiny\"><path d=\"M18.2 9.3l-6.2-6.3-6.2 6.3c-.2.2-.3.4-.3.7s.1.5.3.7c.2.2.4.3.7.3h11c.3 0 .5-.1.7-.3.2-.2.3-.5.3-.7s-.1-.5-.3-.7zM5.8 14.7l6.2 6.3 6.2-6.3c.2-.2.3-.5.3-.7s-.1-.5-.3-.7c-.2-.2-.4-.3-.7-.3h-11c-.3 0-.5.1-.7.3-.2.2-.3.5-.3.7s.1.5.3.7z\"\/><\/svg><\/span><\/span><\/label><input type=\"checkbox\"  id=\"ez-toc-cssicon-toggle-item-6a96ddbcd17c8\"  aria-label=\"Toggle\" \/><nav><ul class='ez-toc-list ez-toc-list-level-1 ' ><li class='ez-toc-page-1 ez-toc-heading-level-3'><a class=\"ez-toc-link ez-toc-heading-1\" href=\"http:\/\/www.mutuelle-mat.fr\/blog\/quelle-assurance-assure-les-caravanes\/1171.html\/#Quelle_assurance_assure_les_caravanes\" >Quelle assurance assure les caravanes ?<\/a><\/li><li class='ez-toc-page-1 ez-toc-heading-level-3'><a class=\"ez-toc-link ez-toc-heading-2\" href=\"http:\/\/www.mutuelle-mat.fr\/blog\/quelle-assurance-assure-les-caravanes\/1171.html\/#Pourquoi_assurer_une_caravane\" >Pourquoi assurer une caravane ?<\/a><\/li><li class='ez-toc-page-1 ez-toc-heading-level-3'><a class=\"ez-toc-link ez-toc-heading-3\" href=\"http:\/\/www.mutuelle-mat.fr\/blog\/quelle-assurance-assure-les-caravanes\/1171.html\/#Comment_assurer_une_remorque_de_plus_de_750_kg\" >Comment assurer une remorque de plus de 750 kg ?<\/a><\/li><li class='ez-toc-page-1 ez-toc-heading-level-3'><a class=\"ez-toc-link ez-toc-heading-4\" href=\"http:\/\/www.mutuelle-mat.fr\/blog\/quelle-assurance-assure-les-caravanes\/1171.html\/#Est-ce_quil_faut_une_carte_grise_pour_une_caravane\" >Est-ce qu&rsquo;il faut une carte grise pour une caravane ?<\/a><\/li><li class='ez-toc-page-1 ez-toc-heading-level-3'><a class=\"ez-toc-link ez-toc-heading-5\" href=\"http:\/\/www.mutuelle-mat.fr\/blog\/quelle-assurance-assure-les-caravanes\/1171.html\/#Quelle_est_la_formule_dassurance_pour_votre_caravane\" >Quelle est la formule d&#39;assurance pour votre caravane?<\/a><\/li><li class='ez-toc-page-1 ez-toc-heading-level-3'><a class=\"ez-toc-link ez-toc-heading-6\" href=\"http:\/\/www.mutuelle-mat.fr\/blog\/quelle-assurance-assure-les-caravanes\/1171.html\/#Quelle_est_la_responsabilite_civile_dune_caravane\" >Quelle est la responsabilit\u00e9 civile d&#39;une caravane?<\/a><\/li><li class='ez-toc-page-1 ez-toc-heading-level-3'><a class=\"ez-toc-link ez-toc-heading-7\" href=\"http:\/\/www.mutuelle-mat.fr\/blog\/quelle-assurance-assure-les-caravanes\/1171.html\/#Quelle_est_lassurance_auto_MMA\" >Quelle est l\u2019assurance auto MMA?<\/a><\/li><li class='ez-toc-page-1 ez-toc-heading-level-3'><a class=\"ez-toc-link ez-toc-heading-8\" href=\"http:\/\/www.mutuelle-mat.fr\/blog\/quelle-assurance-assure-les-caravanes\/1171.html\/#Quelle_est_la_reglementation_de_la_caravane\" >Quelle est la r\u00e9glementation de la caravane?<\/a><\/li><\/ul><\/nav><\/div>\n<h3 id=\"question-0\"><span class=\"ez-toc-section\" id=\"Quelle_assurance_assure_les_caravanes\"><\/span>Quelle assurance assure les caravanes ?<span class=\"ez-toc-section-end\"><\/span><\/h3>\n<p>Les caravanes de moins de 500kg doivent, comme les v\u00e9hicules charg\u00e9s de les tracter, \u00eatre assur\u00e9es au moins contre les risques de dommages mat\u00e9riels et corporels caus\u00e9s \u00e0 autrui. Cette protection est plus connue sous le nom de garantie responsabilit\u00e9 civile, ou assurance au tiers.<\/p>\n<h3 id=\"question-1\"><span class=\"ez-toc-section\" id=\"Pourquoi_assurer_une_caravane\"><\/span>Pourquoi assurer une caravane ?<span class=\"ez-toc-section-end\"><\/span><\/h3>\n<p>Assurer sa caravane, une obligation La responsabilit\u00e9 civile permet d&rsquo;indemniser les \u00e9ventuels dommages corporels et mat\u00e9riels caus\u00e9s \u00e0 un tiers par l&rsquo;assur\u00e9. Les tiers peuvent \u00eatre d&rsquo;autres automobilistes, des pi\u00e9tons ou encore des \u00e9ventuels passagers du v\u00e9hicule pr\u00e9sents lors de l&rsquo;incident.<\/p>\n<\/p>\n<h3 id=\"question-2\"><span class=\"ez-toc-section\" id=\"Comment_assurer_une_remorque_de_plus_de_750_kg\"><\/span>Comment assurer une remorque de plus de 750 kg ?<span class=\"ez-toc-section-end\"><\/span><\/h3>\n<p>Comme pour toute assurance auto traditionnelle, votre remorque de plus de 750 kg devra \u00eatre au minimum assur\u00e9e au tiers. Cela correspond \u00e0 la garantie de responsabilit\u00e9 civile. Ainsi, en cas d&rsquo;accident, un sinistre avec un tiers sera pris en charge par votre compagnie d&rsquo;assurance auto.<\/p>\n<h3 id=\"question-3\"><span class=\"ez-toc-section\" id=\"Est-ce_quil_faut_une_carte_grise_pour_une_caravane\"><\/span>Est-ce qu&rsquo;il faut une carte grise pour une caravane ?<span class=\"ez-toc-section-end\"><\/span><\/h3>\n<p>Cas g\u00e9n\u00e9ral. La caravane ou remorque n&rsquo;a pas besoin d&rsquo;une carte grise propre. Elle devra cependant disposer d&rsquo;une plaque min\u00e9ralogique, identique \u00e0 celle du v\u00e9hicule qui la tracte.<\/p>\n<h3 id=\"question-4\"><span class=\"ez-toc-section\" id=\"Quelle_est_la_formule_dassurance_pour_votre_caravane\"><\/span>Quelle est la formule d&#39;assurance pour votre caravane?<span class=\"ez-toc-section-end\"><\/span><\/h3>\n<ul>\n<li>Remorquage jusqu&rsquo;au garage le plus proche, prise en charge des frais de gardiennage de votre caravane : nos formules d\u2019assurance pour caravanes et remorques incluent un service d\u2019assistance complet et r\u00e9actif. Dans les conditions, limites et garanties fix\u00e9es au contrat. <\/li>\n<\/ul>\n<h3 id=\"question-5\"><span class=\"ez-toc-section\" id=\"Quelle_est_la_responsabilite_civile_dune_caravane\"><\/span>Quelle est la responsabilit\u00e9 civile d&#39;une caravane?<span class=\"ez-toc-section-end\"><\/span><\/h3>\n<ul>\n<li>Conform\u00e9ment \u00e0 l&rsquo;article L211-1 du Code des assurances, une caravane doit \u00eatre assur\u00e9e au minimum au moyen d&rsquo;une assurance responsabilit\u00e9 civile, et ce, qu&rsquo;elle soit en circulation ou immobilis\u00e9e. Cette assurance sert \u00e0 couvrir les dommages que le v\u00e9hicule pourrait causer \u00e0 un tiers. Que risquez-vous en cas de d\u00e9faut d\u2019assurance ? <\/li>\n<\/ul>\n<h3 id=\"question-6\"><span class=\"ez-toc-section\" id=\"Quelle_est_lassurance_auto_MMA\"><\/span>Quelle est l\u2019assurance auto MMA?<span class=\"ez-toc-section-end\"><\/span><\/h3>\n<ul>\n<li>L\u2019assurance auto MMA, c\u2019est deux gammes pour r\u00e9pondre \u00e0 vos besoins de protection, petits budgets inclus. Nos prises en charge sont faites en application des conditions, limites, exclusions de garanties et du montant des franchises qui sont pr\u00e9cis\u00e9es dans les Conditions G\u00e9n\u00e9rales et les Conditions Particuli\u00e8res. <\/li>\n<\/ul>\n<h3 id=\"question-7\"><span class=\"ez-toc-section\" id=\"Quelle_est_la_reglementation_de_la_caravane\"><\/span>Quelle est la r\u00e9glementation de la caravane?<span class=\"ez-toc-section-end\"><\/span><\/h3>\n<ul>\n<li>A minima, une caravane doit \u00eatre couverte par une assurance responsabilit\u00e9 civile, m\u00eame si elle n\u2019est pas en circulation. La r\u00e9glementation varie ensuite en fonction du poids du v\u00e9hicule, plus exactement du poids total autoris\u00e9 en charge (PTAC). <\/li>\n<\/ul>\n","protected":false},"excerpt":{"rendered":"<p>Quelle assurance assure les caravanes ? Les caravanes de moins de 500kg doivent, comme les v\u00e9hicules charg\u00e9s de les tracter, \u00eatre assur\u00e9es au moins contre les risques de dommages mat\u00e9riels et corporels caus\u00e9s \u00e0 autrui. Cette protection est plus connue sous le nom de garantie responsabilit\u00e9 civile, ou assurance au<\/p>\n","protected":false},"author":1,"featured_media":1172,"comment_status":"closed","ping_status":"closed","sticky":false,"template":"","format":"standard","meta":{"_seopress_robots_primary_cat":"","_seopress_titles_title":"","_seopress_titles_desc":"","_seopress_robots_index":"","footnotes":""},"categories":[8],"tags":[],"class_list":["post-1171","post","type-post","status-publish","format-standard","has-post-thumbnail","hentry","category-prevoyance"],"_links":{"self":[{"href":"http:\/\/www.mutuelle-mat.fr\/blog\/wp-json\/wp\/v2\/posts\/1171","targetHints":{"allow":["GET"]}}],"collection":[{"href":"http:\/\/www.mutuelle-mat.fr\/blog\/wp-json\/wp\/v2\/posts"}],"about":[{"href":"http:\/\/www.mutuelle-mat.fr\/blog\/wp-json\/wp\/v2\/types\/post"}],"author":[{"embeddable":true,"href":"http:\/\/www.mutuelle-mat.fr\/blog\/wp-json\/wp\/v2\/users\/1"}],"replies":[{"embeddable":true,"href":"http:\/\/www.mutuelle-mat.fr\/blog\/wp-json\/wp\/v2\/comments?post=1171"}],"version-history":[{"count":0,"href":"http:\/\/www.mutuelle-mat.fr\/blog\/wp-json\/wp\/v2\/posts\/1171\/revisions"}],"wp:featuredmedia":[{"embeddable":true,"href":"http:\/\/www.mutuelle-mat.fr\/blog\/wp-json\/wp\/v2\/media\/1172"}],"wp:attachment":[{"href":"http:\/\/www.mutuelle-mat.fr\/blog\/wp-json\/wp\/v2\/media?parent=1171"}],"wp:term":[{"taxonomy":"category","embeddable":true,"href":"http:\/\/www.mutuelle-mat.fr\/blog\/wp-json\/wp\/v2\/categories?post=1171"},{"taxonomy":"post_tag","embeddable":true,"href":"http:\/\/www.mutuelle-mat.fr\/blog\/wp-json\/wp\/v2\/tags?post=1171"}],"curies":[{"name":"wp","href":"https:\/\/api.w.org\/{rel}","templated":true}]}}