{"id":1028,"date":"2025-10-07T16:04:34","date_gmt":"2025-10-07T16:04:34","guid":{"rendered":"https:\/\/www.mutuelle-mat.fr\/blog\/quand-est-verse-lassurance-retraite\/1028.html"},"modified":"2025-10-07T16:04:34","modified_gmt":"2025-10-07T16:04:34","slug":"quand-est-verse-lassurance-retraite","status":"publish","type":"post","link":"http:\/\/www.mutuelle-mat.fr\/blog\/quand-est-verse-lassurance-retraite\/1028.html","title":{"rendered":"Quand est vers\u00e9 l&rsquo;assurance retraite ?"},"content":{"rendered":"<p>                                        <img decoding=\"async\" src=\"https:\/\/i.ytimg.com\/vi\/m6xFWkfyRD8\/hq720.jpg?sqp=-oaymwEcCOgCEMoBSFXyq4qpAw4IARUAAIhCGAFwAcABBg==&#038;rs=AOn4CLC8gNa39M_MjzyruuRMpzaFL8K6vw\" alt=\"Quand est vers\u00e9 l'assurance retraite ?\"><\/p>\n<div id=\"ez-toc-container\" class=\"ez-toc-v2_0_82_2 counter-hierarchy ez-toc-counter ez-toc-grey ez-toc-container-direction\">\n<p class=\"ez-toc-title\" style=\"cursor:inherit\">Sommaires<\/p>\n<label for=\"ez-toc-cssicon-toggle-item-6a9742bf503da\" class=\"ez-toc-cssicon-toggle-label\"><span class=\"ez-toc-cssicon\"><span class=\"eztoc-hide\" style=\"display:none;\">Toggle<\/span><span class=\"ez-toc-icon-toggle-span\"><svg style=\"fill: #999;color:#999\" xmlns=\"http:\/\/www.w3.org\/2000\/svg\" class=\"list-377408\" width=\"20px\" height=\"20px\" viewBox=\"0 0 24 24\" fill=\"none\"><path d=\"M6 6H4v2h2V6zm14 0H8v2h12V6zM4 11h2v2H4v-2zm16 0H8v2h12v-2zM4 16h2v2H4v-2zm16 0H8v2h12v-2z\" fill=\"currentColor\"><\/path><\/svg><svg style=\"fill: #999;color:#999\" class=\"arrow-unsorted-368013\" xmlns=\"http:\/\/www.w3.org\/2000\/svg\" width=\"10px\" height=\"10px\" viewBox=\"0 0 24 24\" version=\"1.2\" baseProfile=\"tiny\"><path d=\"M18.2 9.3l-6.2-6.3-6.2 6.3c-.2.2-.3.4-.3.7s.1.5.3.7c.2.2.4.3.7.3h11c.3 0 .5-.1.7-.3.2-.2.3-.5.3-.7s-.1-.5-.3-.7zM5.8 14.7l6.2 6.3 6.2-6.3c.2-.2.3-.5.3-.7s-.1-.5-.3-.7c-.2-.2-.4-.3-.7-.3h-11c-.3 0-.5.1-.7.3-.2.2-.3.5-.3.7s.1.5.3.7z\"\/><\/svg><\/span><\/span><\/label><input type=\"checkbox\"  id=\"ez-toc-cssicon-toggle-item-6a9742bf503da\"  aria-label=\"Toggle\" \/><nav><ul class='ez-toc-list ez-toc-list-level-1 ' ><li class='ez-toc-page-1 ez-toc-heading-level-3'><a class=\"ez-toc-link ez-toc-heading-1\" href=\"http:\/\/www.mutuelle-mat.fr\/blog\/quand-est-verse-lassurance-retraite\/1028.html\/#Quand_est_verse_lassurance_retraite\" >Quand est vers\u00e9 l&rsquo;assurance retraite ?<\/a><\/li><li class='ez-toc-page-1 ez-toc-heading-level-3'><a class=\"ez-toc-link ez-toc-heading-2\" href=\"http:\/\/www.mutuelle-mat.fr\/blog\/quand-est-verse-lassurance-retraite\/1028.html\/#Pourquoi_les_retraites_ont_baisse_en_janvier_2021\" >Pourquoi les retraites ont baiss\u00e9 en janvier 2021 ?<\/a><\/li><li class='ez-toc-page-1 ez-toc-heading-level-3'><a class=\"ez-toc-link ez-toc-heading-3\" href=\"http:\/\/www.mutuelle-mat.fr\/blog\/quand-est-verse-lassurance-retraite\/1028.html\/#Pourquoi_retraite_baisse\" >Pourquoi retraite baisse ?<\/a><\/li><li class='ez-toc-page-1 ez-toc-heading-level-3'><a class=\"ez-toc-link ez-toc-heading-4\" href=\"http:\/\/www.mutuelle-mat.fr\/blog\/quand-est-verse-lassurance-retraite\/1028.html\/#Est-ce_que_les_retraites_baissent\" >Est-ce que les retraites baissent ?<\/a><\/li><li class='ez-toc-page-1 ez-toc-heading-level-3'><a class=\"ez-toc-link ez-toc-heading-5\" href=\"http:\/\/www.mutuelle-mat.fr\/blog\/quand-est-verse-lassurance-retraite\/1028.html\/#Pourquoi_les_retraites_ont_baisse_en_octobre_2020\" >Pourquoi les retraites ont baiss\u00e9 en octobre 2020 ?<\/a><\/li><\/ul><\/nav><\/div>\n<h3 id=\"question-0\"><span class=\"ez-toc-section\" id=\"Quand_est_verse_lassurance_retraite\"><\/span>Quand est vers\u00e9 l&rsquo;assurance retraite ?<span class=\"ez-toc-section-end\"><\/span><\/h3>\n<p>Votre retraite vous est pay\u00e9e au 1er jour du mois de la mensualit\u00e9 concern\u00e9e (ou au premier jour ouvr\u00e9 qui suit, s&rsquo;il s&rsquo;agit d&rsquo;un samedi ou d&rsquo;un jour f\u00e9ri\u00e9).<\/p>\n<h3 id=\"question-1\"><span class=\"ez-toc-section\" id=\"Pourquoi_les_retraites_ont_baisse_en_janvier_2021\"><\/span>Pourquoi les retraites ont baiss\u00e9 en janvier 2021 ?<span class=\"ez-toc-section-end\"><\/span><\/h3>\n<p>Revalorisation des retraites sous le niveau de l&rsquo;inflation L&rsquo;augmentation des retraites Agirc-Arrco est inf\u00e9rieure de 0,5 point au dernier taux pr\u00e9visionnel de l&rsquo;inflation fourni par l&rsquo;Insee, de 1,5 % pour 2021.<\/p>\n<\/p>\n<h3 id=\"question-2\"><span class=\"ez-toc-section\" id=\"Pourquoi_retraite_baisse\"><\/span>Pourquoi retraite baisse ?<span class=\"ez-toc-section-end\"><\/span><\/h3>\n<p>La crise sanitaire a n\u00e9cessit\u00e9 le recours massif au ch\u00f4mage partiel, entra\u00eenant une chute des cotisations qui alimentent l&rsquo;Agirc-Arrco. Cons\u00e9quence: le r\u00e9gime a replong\u00e9 dans un d\u00e9ficit de 4,1 milliards d&rsquo;euros en 2020 alors qu&rsquo;il venait tout juste de sortir du rouge l&rsquo;ann\u00e9e pr\u00e9c\u00e9dente.<\/p>\n<h3 id=\"question-3\"><span class=\"ez-toc-section\" id=\"Est-ce_que_les_retraites_baissent\"><\/span>Est-ce que les retraites baissent ?<span class=\"ez-toc-section-end\"><\/span><\/h3>\n<p>\u00ab\u00a0Ce n&rsquo;est pas une baisse, mais une limitation de la hausse\u00a0\u00bb, affirme l&rsquo;AGIRC-ARRCO. &#8230; Un m\u00e9canisme de rattrapage est cependant pr\u00e9vu par le syst\u00e8me : \u00ab\u00a0Si l&rsquo;inflation venait \u00e0 \u00eatre sup\u00e9rieure \u00e0 la pr\u00e9vision de l&rsquo;Insee, on r\u00e9augmenterait automatiquement les retraites sur l&rsquo;ann\u00e9e suivante\u00a0\u00bb, pr\u00e9cise l&rsquo;AGIRC-ARRCO.<\/p>\n<h3 id=\"question-4\"><span class=\"ez-toc-section\" id=\"Pourquoi_les_retraites_ont_baisse_en_octobre_2020\"><\/span>Pourquoi les retraites ont baiss\u00e9 en octobre 2020 ?<span class=\"ez-toc-section-end\"><\/span><\/h3>\n<p>Cet \u00e9cart de point a \u00e9t\u00e9 d\u00e9cid\u00e9 par le conseil d&rsquo;administration de l&rsquo;Agirc-Arrco pour tenir compte notamment de la situation d\u00e9grad\u00e9e des comptes du r\u00e9gime de retraite compl\u00e9mentaire, en raison des effets de la crise sanitaire. En 2020, le r\u00e9sultat global de l&rsquo;Agirc-Arrco a \u00e9t\u00e9 d\u00e9ficitaire de 4,1 milliards d&rsquo;euros.<\/p><\/p>\n","protected":false},"excerpt":{"rendered":"<p>Quand est vers\u00e9 l&rsquo;assurance retraite ? Votre retraite vous est pay\u00e9e au 1er jour du mois de la mensualit\u00e9 concern\u00e9e (ou au premier jour ouvr\u00e9 qui suit, s&rsquo;il s&rsquo;agit d&rsquo;un samedi ou d&rsquo;un jour f\u00e9ri\u00e9). Pourquoi les retraites ont baiss\u00e9 en janvier 2021 ? Revalorisation des retraites sous le niveau<\/p>\n","protected":false},"author":1,"featured_media":1029,"comment_status":"closed","ping_status":"closed","sticky":false,"template":"","format":"standard","meta":{"_seopress_robots_primary_cat":"","_seopress_titles_title":"","_seopress_titles_desc":"","_seopress_robots_index":"","footnotes":""},"categories":[8],"tags":[],"class_list":["post-1028","post","type-post","status-publish","format-standard","has-post-thumbnail","hentry","category-prevoyance"],"_links":{"self":[{"href":"http:\/\/www.mutuelle-mat.fr\/blog\/wp-json\/wp\/v2\/posts\/1028","targetHints":{"allow":["GET"]}}],"collection":[{"href":"http:\/\/www.mutuelle-mat.fr\/blog\/wp-json\/wp\/v2\/posts"}],"about":[{"href":"http:\/\/www.mutuelle-mat.fr\/blog\/wp-json\/wp\/v2\/types\/post"}],"author":[{"embeddable":true,"href":"http:\/\/www.mutuelle-mat.fr\/blog\/wp-json\/wp\/v2\/users\/1"}],"replies":[{"embeddable":true,"href":"http:\/\/www.mutuelle-mat.fr\/blog\/wp-json\/wp\/v2\/comments?post=1028"}],"version-history":[{"count":0,"href":"http:\/\/www.mutuelle-mat.fr\/blog\/wp-json\/wp\/v2\/posts\/1028\/revisions"}],"wp:featuredmedia":[{"embeddable":true,"href":"http:\/\/www.mutuelle-mat.fr\/blog\/wp-json\/wp\/v2\/media\/1029"}],"wp:attachment":[{"href":"http:\/\/www.mutuelle-mat.fr\/blog\/wp-json\/wp\/v2\/media?parent=1028"}],"wp:term":[{"taxonomy":"category","embeddable":true,"href":"http:\/\/www.mutuelle-mat.fr\/blog\/wp-json\/wp\/v2\/categories?post=1028"},{"taxonomy":"post_tag","embeddable":true,"href":"http:\/\/www.mutuelle-mat.fr\/blog\/wp-json\/wp\/v2\/tags?post=1028"}],"curies":[{"name":"wp","href":"https:\/\/api.w.org\/{rel}","templated":true}]}}