{"id":1018,"date":"2025-10-07T00:53:00","date_gmt":"2025-10-07T00:53:00","guid":{"rendered":"https:\/\/www.mutuelle-mat.fr\/blog\/comment-se-porte-le-marche-de-lassurance\/1018.html"},"modified":"2025-10-07T00:53:00","modified_gmt":"2025-10-07T00:53:00","slug":"comment-se-porte-le-marche-de-lassurance","status":"publish","type":"post","link":"http:\/\/www.mutuelle-mat.fr\/blog\/comment-se-porte-le-marche-de-lassurance\/1018.html","title":{"rendered":"Comment se porte le march\u00e9 de l&rsquo;assurance ?"},"content":{"rendered":"<p>                                        <img decoding=\"async\" src=\"https:\/\/i.ytimg.com\/vi\/ApNrBLaH8OQ\/hq720.jpg?sqp=-oaymwEcCOgCEMoBSFXyq4qpAw4IARUAAIhCGAFwAcABBg==&#038;rs=AOn4CLCv5wBedlFZ1Lbm29wrIQAbBDbtQw\" alt=\"Comment se porte le march\u00e9 de l'assurance ?\"><\/p>\n<div id=\"ez-toc-container\" class=\"ez-toc-v2_0_82_2 counter-hierarchy ez-toc-counter ez-toc-grey ez-toc-container-direction\">\n<p class=\"ez-toc-title\" style=\"cursor:inherit\">Sommaires<\/p>\n<label for=\"ez-toc-cssicon-toggle-item-6a9742a0ac02b\" class=\"ez-toc-cssicon-toggle-label\"><span class=\"ez-toc-cssicon\"><span class=\"eztoc-hide\" style=\"display:none;\">Toggle<\/span><span class=\"ez-toc-icon-toggle-span\"><svg style=\"fill: #999;color:#999\" xmlns=\"http:\/\/www.w3.org\/2000\/svg\" class=\"list-377408\" width=\"20px\" height=\"20px\" viewBox=\"0 0 24 24\" fill=\"none\"><path d=\"M6 6H4v2h2V6zm14 0H8v2h12V6zM4 11h2v2H4v-2zm16 0H8v2h12v-2zM4 16h2v2H4v-2zm16 0H8v2h12v-2z\" fill=\"currentColor\"><\/path><\/svg><svg style=\"fill: #999;color:#999\" class=\"arrow-unsorted-368013\" xmlns=\"http:\/\/www.w3.org\/2000\/svg\" width=\"10px\" height=\"10px\" viewBox=\"0 0 24 24\" version=\"1.2\" baseProfile=\"tiny\"><path d=\"M18.2 9.3l-6.2-6.3-6.2 6.3c-.2.2-.3.4-.3.7s.1.5.3.7c.2.2.4.3.7.3h11c.3 0 .5-.1.7-.3.2-.2.3-.5.3-.7s-.1-.5-.3-.7zM5.8 14.7l6.2 6.3 6.2-6.3c.2-.2.3-.5.3-.7s-.1-.5-.3-.7c-.2-.2-.4-.3-.7-.3h-11c-.3 0-.5.1-.7.3-.2.2-.3.5-.3.7s.1.5.3.7z\"\/><\/svg><\/span><\/span><\/label><input type=\"checkbox\"  id=\"ez-toc-cssicon-toggle-item-6a9742a0ac02b\"  aria-label=\"Toggle\" \/><nav><ul class='ez-toc-list ez-toc-list-level-1 ' ><li class='ez-toc-page-1 ez-toc-heading-level-3'><a class=\"ez-toc-link ez-toc-heading-1\" href=\"http:\/\/www.mutuelle-mat.fr\/blog\/comment-se-porte-le-marche-de-lassurance\/1018.html\/#Comment_se_porte_le_marche_de_lassurance\" >Comment se porte le march\u00e9 de l&rsquo;assurance ?<\/a><\/li><li class='ez-toc-page-1 ez-toc-heading-level-3'><a class=\"ez-toc-link ez-toc-heading-2\" href=\"http:\/\/www.mutuelle-mat.fr\/blog\/comment-se-porte-le-marche-de-lassurance\/1018.html\/#Quel_est_le_montant_des_cotisations_brutes_en_2020_pour_les_contrats_dassurance-vie_et_de_capitalisation\" >Quel est le montant des cotisations brutes en 2020 pour les contrats d&rsquo;assurance-vie et de capitalisation ?<\/a><\/li><li class='ez-toc-page-1 ez-toc-heading-level-3'><a class=\"ez-toc-link ez-toc-heading-3\" href=\"http:\/\/www.mutuelle-mat.fr\/blog\/comment-se-porte-le-marche-de-lassurance\/1018.html\/#Quelle_est_la_part_des_supports_unites_de_compte_dans_lensemble_des_cotisations_en_2019\" >Quelle est la part des supports unit\u00e9s de compte dans l&rsquo;ensemble des cotisations en 2019 ?<\/a><\/li><li class='ez-toc-page-1 ez-toc-heading-level-3'><a class=\"ez-toc-link ez-toc-heading-4\" href=\"http:\/\/www.mutuelle-mat.fr\/blog\/comment-se-porte-le-marche-de-lassurance\/1018.html\/#Comment_reussir_dans_lassurance\" >Comment r\u00e9ussir dans l&rsquo;assurance ?<\/a><\/li><li class='ez-toc-page-1 ez-toc-heading-level-3'><a class=\"ez-toc-link ez-toc-heading-5\" href=\"http:\/\/www.mutuelle-mat.fr\/blog\/comment-se-porte-le-marche-de-lassurance\/1018.html\/#Quel_montant_total_representait_le_marche_de_lassurance_emprunteur_en_2019\" >Quel montant total repr\u00e9sentait le march\u00e9 de l&rsquo;assurance emprunteur en 2019 ?<\/a><\/li><li class='ez-toc-page-1 ez-toc-heading-level-3'><a class=\"ez-toc-link ez-toc-heading-6\" href=\"http:\/\/www.mutuelle-mat.fr\/blog\/comment-se-porte-le-marche-de-lassurance\/1018.html\/#Quel_est_le_taux_moyen_de_rendement_du_marche_pour_le_fonds_en_euros_en_2020_cette_question_est_requise\" >Quel est le taux moyen de rendement du march\u00e9 pour le fonds en euros en 2020 cette question est requise * ?<\/a><\/li><li class='ez-toc-page-1 ez-toc-heading-level-3'><a class=\"ez-toc-link ez-toc-heading-7\" href=\"http:\/\/www.mutuelle-mat.fr\/blog\/comment-se-porte-le-marche-de-lassurance\/1018.html\/#Quel_est_lencours_de_lassurance_vie\" >Quel est l&rsquo;encours de l&rsquo;assurance vie ?<\/a><\/li><li class='ez-toc-page-1 ez-toc-heading-level-3'><a class=\"ez-toc-link ez-toc-heading-8\" href=\"http:\/\/www.mutuelle-mat.fr\/blog\/comment-se-porte-le-marche-de-lassurance\/1018.html\/#Quel_est_le_marche_de_lassurance_francaise\" >Quel est le march\u00e9 de l\u2019assurance fran\u00e7aise?<\/a><\/li><li class='ez-toc-page-1 ez-toc-heading-level-3'><a class=\"ez-toc-link ez-toc-heading-9\" href=\"http:\/\/www.mutuelle-mat.fr\/blog\/comment-se-porte-le-marche-de-lassurance\/1018.html\/#Quel_est_le_marche_de_lassurance_en_France_2020\" >Quel est le march\u00e9 de l\u2019assurance en France 2020?<\/a><\/li><li class='ez-toc-page-1 ez-toc-heading-level-3'><a class=\"ez-toc-link ez-toc-heading-10\" href=\"http:\/\/www.mutuelle-mat.fr\/blog\/comment-se-porte-le-marche-de-lassurance\/1018.html\/#Quelle_est_la_rationalite_du_marche_de_lassurance\" >Quelle est la rationalit\u00e9 du march\u00e9 de l\u2019assurance?<\/a><\/li><li class='ez-toc-page-1 ez-toc-heading-level-3'><a class=\"ez-toc-link ez-toc-heading-11\" href=\"http:\/\/www.mutuelle-mat.fr\/blog\/comment-se-porte-le-marche-de-lassurance\/1018.html\/#Quelle_est_la_troisieme_place_du_marche_europeen_de_lassurance\" >Quelle est la troisi\u00e8me place du march\u00e9 europ\u00e9en de l&#39;assurance?<\/a><\/li><\/ul><\/nav><\/div>\n<h3 id=\"question-0\"><span class=\"ez-toc-section\" id=\"Comment_se_porte_le_marche_de_lassurance\"><\/span>Comment se porte le march\u00e9 de l&rsquo;assurance ?<span class=\"ez-toc-section-end\"><\/span><\/h3>\n<p>Un march\u00e9 dynamique En 2017, le chiffre d&rsquo;affaires de l&rsquo;assurance fran\u00e7aise est en hausse de +1,4 % et s&rsquo;\u00e9tablit \u00e0 211,6 Md\u20ac. Cette croissance est soutenue par les assurances de biens et de responsabilit\u00e9 qui progressent de +2,3 %, les assurances de personnes enregistrant une hausse de +1,1 %.<\/p>\n<h3 id=\"question-1\"><span class=\"ez-toc-section\" id=\"Quel_est_le_montant_des_cotisations_brutes_en_2020_pour_les_contrats_dassurance-vie_et_de_capitalisation\"><\/span>Quel est le montant des cotisations brutes en 2020 pour les contrats d&rsquo;assurance-vie et de capitalisation ?<span class=\"ez-toc-section-end\"><\/span><\/h3>\n<p>(**) Taux de frais de gestion du RES Multisupport r\u00e9duit \u00e0 0,45% au lieu de 0,50% pour les contrats dont le solde de cotisations nettes est \u00e9gal ou sup\u00e9rieur \u00e0 450 000 \u20ac&#8230;.Fonds en euros RES Fonds de Pension.<\/p>\n<p>Taux net 2020***Taux net 2019***Taux annualis\u00e9 sur 8 ans***1,60%1,75%3,06%<\/p>\n<h3 id=\"question-2\"><span class=\"ez-toc-section\" id=\"Quelle_est_la_part_des_supports_unites_de_compte_dans_lensemble_des_cotisations_en_2019\"><\/span>Quelle est la part des supports unit\u00e9s de compte dans l&rsquo;ensemble des cotisations en 2019 ?<span class=\"ez-toc-section-end\"><\/span><\/h3>\n<p>Une dynamique croissante pour les unit\u00e9s de compte La part des cotisations en UC s&rsquo;\u00e9l\u00e8ve \u00e0 37% en moyenne depuis janvier 2021. Elle \u00e9tait de 34% en 2020. Cette proposition est la plus forte depuis d\u00e9cembre 2019 (41%).<\/p>\n<h3 id=\"question-3\"><span class=\"ez-toc-section\" id=\"Comment_reussir_dans_lassurance\"><\/span>Comment r\u00e9ussir dans l&rsquo;assurance ?<span class=\"ez-toc-section-end\"><\/span><\/h3>\n<p>Cinq cl\u00e9s pour r\u00e9ussir sur le march\u00e9 de l&rsquo;assurance en 2020<\/p>\n<li>Proposer des produits innovants. Ann\u00e9e apr\u00e8s ann\u00e9e, de nombreux assureurs ont propos\u00e9 des versions l\u00e9g\u00e8rement am\u00e9lior\u00e9es des m\u00eames produits, solutions et services. &#8230; <\/li>\n<li>R\u00e9pondre aux nouveaux besoins. &#8230; <\/li>\n<li>D\u00e9velopper la proposition de valeur.<\/li>\n<h3 id=\"question-4\"><span class=\"ez-toc-section\" id=\"Quel_montant_total_representait_le_marche_de_lassurance_emprunteur_en_2019\"><\/span>Quel montant total repr\u00e9sentait le march\u00e9 de l&rsquo;assurance emprunteur en 2019 ?<span class=\"ez-toc-section-end\"><\/span><\/h3>\n<p>Un march\u00e9 \u00e0 pr\u00e8s de 10 milliards d&rsquo;euros Selon la FFA, le march\u00e9 de l&rsquo;assurance emprunteur pesait 9,8 milliards d&rsquo;euros en 2019, dont 7 milliards pour les assurances de pr\u00eat immobilier, 2 milliards pour les cr\u00e9dits consommation et le reste pour les pr\u00eats professionnels.<\/p>\n<\/p>\n<h3 id=\"question-5\"><span class=\"ez-toc-section\" id=\"Quel_est_le_taux_moyen_de_rendement_du_marche_pour_le_fonds_en_euros_en_2020_cette_question_est_requise\"><\/span>Quel est le taux moyen de rendement du march\u00e9 pour le fonds en euros en 2020 cette question est requise * ?<span class=\"ez-toc-section-end\"><\/span><\/h3>\n<p>En 2020, le taux moyen servi par les fonds en euros dynamiques (0,53 %) \u00e9tait inf\u00e9rieur \u00e0 celui du fonds euros classique (1,08 %) tandis qu&rsquo;en 2019, le taux moyen servi par les fonds en euros dynamiques (1,90 %), \u00e9tait sup\u00e9rieur \u00e0 celui du fonds euros classique (1,40 %).<\/p>\n<h3 id=\"question-6\"><span class=\"ez-toc-section\" id=\"Quel_est_lencours_de_lassurance_vie\"><\/span>Quel est l&rsquo;encours de l&rsquo;assurance vie ?<span class=\"ez-toc-section-end\"><\/span><\/h3>\n<p>Elle permet de retrouver le niveau de cotisations de mai 2019 (11,6 milliards d&rsquo;euros). &#8230; Fin mai 2021, l&rsquo;encours des contrats d&rsquo;assurance vie s&rsquo;\u00e9tablit \u00e0 1 827 milliards d&rsquo;euros, en progression de +4,6 % sur un an.<\/p>\n<h3 id=\"question-7\"><span class=\"ez-toc-section\" id=\"Quel_est_le_marche_de_lassurance_francaise\"><\/span>Quel est le march\u00e9 de l\u2019assurance fran\u00e7aise?<span class=\"ez-toc-section-end\"><\/span><\/h3>\n<ul>\n<li>LE MARCH\u00c9 DE\u00a0L\u2019ASSURANCEFRAN\u00c7AISE L\u2019assurance est au c\u0153ur de la vie des Fran\u00e7ais. Par sa r\u00e9activit\u00e9 et sa capacit\u00e9 d\u2019innovation, le march\u00e9 de l\u2019assurance propose aux particuliers, aux professionnels et aux entreprises, sur tout le territoire, des produits et des services en lien avec l\u2019\u00e9volution de leurs modes de vie. <\/li>\n<\/ul>\n<h3 id=\"question-8\"><span class=\"ez-toc-section\" id=\"Quel_est_le_marche_de_lassurance_en_France_2020\"><\/span>Quel est le march\u00e9 de l\u2019assurance en France 2020?<span class=\"ez-toc-section-end\"><\/span><\/h3>\n<ul>\n<li>Le March\u00e9 De l\u2019Assurance en France 2020 : Histoire, Structure et Chiffres cl\u00e9s. Le march\u00e9 de l\u2019assurance en France 2020, est conditionn\u00e9 par une forte concurrence, en effet plus d\u2019un millier de groupes assurance sont disponibles en France ! Courtiers, agents, \u00e9tablissements bancaires assurent la distribution des diff\u00e9rents produits de l\u2019assurance. <\/li>\n<\/ul>\n<h3 id=\"question-9\"><span class=\"ez-toc-section\" id=\"Quelle_est_la_rationalite_du_marche_de_lassurance\"><\/span>Quelle est la rationalit\u00e9 du march\u00e9 de l\u2019assurance?<span class=\"ez-toc-section-end\"><\/span><\/h3>\n<ul>\n<li>March\u00e9 de l\u2019assurance : la rationalit\u00e9 \u00e0 l\u2019\u00e8re des transformations soci\u00e9tales. L\u2019entreprise internationale de conseil et de courtage Gras Savoye Willis Towers Watson a r\u00e9cemment publi\u00e9 son analyse de l\u2019\u00e9volution du march\u00e9 de l\u2019assurance fran\u00e7ais 2020 et ses notes de conjoncture. L\u2019\u00e9volution devrait \u00eatre positive, avec, de mani\u00e8re g\u00e9n\u00e9rale, &#8230; <\/li>\n<\/ul>\n<h3 id=\"question-10\"><span class=\"ez-toc-section\" id=\"Quelle_est_la_troisieme_place_du_marche_europeen_de_lassurance\"><\/span>Quelle est la troisi\u00e8me place du march\u00e9 europ\u00e9en de l&#39;assurance?<span class=\"ez-toc-section-end\"><\/span><\/h3>\n<ul>\n<li>En 2017, le march\u00e9 de l&rsquo;assurance europ\u00e9en occupe la troisi\u00e8me place du march\u00e9 mondial de l&rsquo;assurance, apr\u00e8s l&rsquo;Asie et l&rsquo;Am\u00e9rique du Nord, selon l\u2019\u00e9tude annuelle publi\u00e9e par Insurance Europe, la F\u00e9d\u00e9ration europ\u00e9enne de l\u2019assurance et de la r\u00e9assurance. <\/li>\n<\/ul>\n","protected":false},"excerpt":{"rendered":"<p>Comment se porte le march\u00e9 de l&rsquo;assurance ? Un march\u00e9 dynamique En 2017, le chiffre d&rsquo;affaires de l&rsquo;assurance fran\u00e7aise est en hausse de +1,4 % et s&rsquo;\u00e9tablit \u00e0 211,6 Md\u20ac. Cette croissance est soutenue par les assurances de biens et de responsabilit\u00e9 qui progressent de +2,3 %, les assurances de<\/p>\n","protected":false},"author":1,"featured_media":1019,"comment_status":"closed","ping_status":"closed","sticky":false,"template":"","format":"standard","meta":{"_seopress_robots_primary_cat":"","_seopress_titles_title":"","_seopress_titles_desc":"","_seopress_robots_index":"","footnotes":""},"categories":[8],"tags":[],"class_list":["post-1018","post","type-post","status-publish","format-standard","has-post-thumbnail","hentry","category-prevoyance"],"_links":{"self":[{"href":"http:\/\/www.mutuelle-mat.fr\/blog\/wp-json\/wp\/v2\/posts\/1018","targetHints":{"allow":["GET"]}}],"collection":[{"href":"http:\/\/www.mutuelle-mat.fr\/blog\/wp-json\/wp\/v2\/posts"}],"about":[{"href":"http:\/\/www.mutuelle-mat.fr\/blog\/wp-json\/wp\/v2\/types\/post"}],"author":[{"embeddable":true,"href":"http:\/\/www.mutuelle-mat.fr\/blog\/wp-json\/wp\/v2\/users\/1"}],"replies":[{"embeddable":true,"href":"http:\/\/www.mutuelle-mat.fr\/blog\/wp-json\/wp\/v2\/comments?post=1018"}],"version-history":[{"count":0,"href":"http:\/\/www.mutuelle-mat.fr\/blog\/wp-json\/wp\/v2\/posts\/1018\/revisions"}],"wp:featuredmedia":[{"embeddable":true,"href":"http:\/\/www.mutuelle-mat.fr\/blog\/wp-json\/wp\/v2\/media\/1019"}],"wp:attachment":[{"href":"http:\/\/www.mutuelle-mat.fr\/blog\/wp-json\/wp\/v2\/media?parent=1018"}],"wp:term":[{"taxonomy":"category","embeddable":true,"href":"http:\/\/www.mutuelle-mat.fr\/blog\/wp-json\/wp\/v2\/categories?post=1018"},{"taxonomy":"post_tag","embeddable":true,"href":"http:\/\/www.mutuelle-mat.fr\/blog\/wp-json\/wp\/v2\/tags?post=1018"}],"curies":[{"name":"wp","href":"https:\/\/api.w.org\/{rel}","templated":true}]}}